{"id":1314,"date":"2025-10-31T08:20:00","date_gmt":"2025-10-31T08:20:00","guid":{"rendered":"https:\/\/www.nomme.ee\/paaskula-noortekeskus\/?p=1314"},"modified":"2025-10-31T08:20:00","modified_gmt":"2025-10-31T08:20:00","slug":"7-novembril-varajane-sulgemine","status":"publish","type":"post","link":"https:\/\/www.nomme.ee\/paaskula-noortekeskus\/7-novembril-varajane-sulgemine\/","title":{"rendered":"7. novembril varajane sulgemine"},"content":{"rendered":"<p data-start=\"46\" data-end=\"62\">Hea k\u00fclastaja,<\/p>\n<p data-start=\"64\" data-end=\"234\">Palume t\u00e4hele panna, et <strong data-start=\"88\" data-end=\"112\"><span style=\"color: #008080\">reedel, 7. novembril<\/span><\/strong> l\u00f5petab P\u00e4\u00e4sk\u00fcla Noortekeskus koos sise-skatepargiga oma tegevused ning<span style=\"color: #008080\"> <strong data-start=\"185\" data-end=\"206\">sulgub kell 17.00<\/strong><\/span> erilise k\u00fclask\u00e4igu t\u00f5ttu.<\/p>\n<p data-start=\"236\" data-end=\"318\">K\u00f5ik tegevused l\u00f5ppevad selleks ajaks. Tavap\u00e4rane t\u00f6\u00f6aeg j\u00e4tkub <span style=\"color: #008080\"><strong data-start=\"300\" data-end=\"315\">esmasp\u00e4eval<\/strong>.<\/span><\/p>\n<p data-start=\"320\" data-end=\"352\">T\u00e4name m\u00f5istva suhtumise eest!<\/p>\n","protected":false},"excerpt":{"rendered":"<p>Hea k\u00fclastaja, Palume t\u00e4hele panna, et reedel, 7. novembril l\u00f5petab P\u00e4\u00e4sk\u00fcla Noortekeskus koos sise-skatepargiga oma tegevused ning sulgub kell 17.00 erilise k\u00fclask\u00e4igu t\u00f5ttu. K\u00f5ik tegevused l\u00f5ppevad selleks ajaks. Tavap\u00e4rane t\u00f6\u00f6aeg j\u00e4tkub esmasp\u00e4eval. T\u00e4name m\u00f5istva suhtumise eest!<\/p>\n","protected":false},"author":21,"featured_media":0,"comment_status":"closed","ping_status":"open","sticky":false,"template":"","format":"standard","meta":{"_acf_changed":false,"footnotes":""},"class_list":["post-1314","post","type-post","status-publish","format-standard","hentry"],"acf":[],"yoast_head":"<!-- This site is optimized with the Yoast SEO plugin v27.5 - https:\/\/yoast.com\/product\/yoast-seo-wordpress\/ -->\n<title>7. novembril varajane sulgemine &#8211; P\u00e4\u00e4sk\u00fcla noortekeskus<\/title>\n<meta name=\"robots\" content=\"index, follow, max-snippet:-1, max-image-preview:large, max-video-preview:-1\" \/>\n<link rel=\"canonical\" href=\"https:\/\/www.nomme.ee\/paaskula-noortekeskus\/7-novembril-varajane-sulgemine\/\" \/>\n<meta property=\"og:locale\" content=\"et_EE\" \/>\n<meta property=\"og:type\" content=\"article\" \/>\n<meta property=\"og:title\" content=\"7. novembril varajane sulgemine &#8211; P\u00e4\u00e4sk\u00fcla noortekeskus\" \/>\n<meta property=\"og:description\" content=\"Hea k\u00fclastaja, Palume t\u00e4hele panna, et reedel, 7. novembril l\u00f5petab P\u00e4\u00e4sk\u00fcla Noortekeskus koos sise-skatepargiga oma tegevused ning sulgub kell 17.00 erilise k\u00fclask\u00e4igu t\u00f5ttu. K\u00f5ik tegevused l\u00f5ppevad selleks ajaks. Tavap\u00e4rane t\u00f6\u00f6aeg j\u00e4tkub esmasp\u00e4eval. T\u00e4name m\u00f5istva suhtumise eest!\" \/>\n<meta property=\"og:url\" content=\"https:\/\/www.nomme.ee\/paaskula-noortekeskus\/7-novembril-varajane-sulgemine\/\" \/>\n<meta property=\"og:site_name\" content=\"P\u00e4\u00e4sk\u00fcla noortekeskus\" \/>\n<meta property=\"article:published_time\" content=\"2025-10-31T08:20:00+00:00\" \/>\n<meta property=\"og:image\" content=\"https:\/\/www.nomme.ee\/paaskula-noortekeskus\/wp-content\/uploads\/sites\/4\/2025\/10\/Tahelepanu.jpg\" \/>\n\t<meta property=\"og:image:width\" content=\"2000\" \/>\n\t<meta property=\"og:image:height\" content=\"1414\" \/>\n\t<meta property=\"og:image:type\" content=\"image\/jpeg\" \/>\n<meta name=\"author\" content=\"roula\" \/>\n<meta name=\"twitter:card\" content=\"summary_large_image\" \/>\n<meta name=\"twitter:label1\" content=\"Written by\" \/>\n\t<meta name=\"twitter:data1\" content=\"roula\" \/>\n\t<meta name=\"twitter:label2\" content=\"Est. reading time\" \/>\n\t<meta name=\"twitter:data2\" content=\"1 minut\" \/>\n<script type=\"application\/ld+json\" class=\"yoast-schema-graph\">{\"@context\":\"https:\\\/\\\/schema.org\",\"@graph\":[{\"@type\":\"Article\",\"@id\":\"https:\\\/\\\/www.nomme.ee\\\/paaskula-noortekeskus\\\/7-novembril-varajane-sulgemine\\\/#article\",\"isPartOf\":{\"@id\":\"https:\\\/\\\/www.nomme.ee\\\/paaskula-noortekeskus\\\/7-novembril-varajane-sulgemine\\\/\"},\"author\":{\"name\":\"roula\",\"@id\":\"https:\\\/\\\/www.nomme.ee\\\/paaskula-noortekeskus\\\/#\\\/schema\\\/person\\\/75edaf0fe6ed5a548014fef1ba4ee8cf\"},\"headline\":\"7. novembril varajane sulgemine\",\"datePublished\":\"2025-10-31T08:20:00+00:00\",\"mainEntityOfPage\":{\"@id\":\"https:\\\/\\\/www.nomme.ee\\\/paaskula-noortekeskus\\\/7-novembril-varajane-sulgemine\\\/\"},\"wordCount\":53,\"inLanguage\":\"et\"},{\"@type\":\"WebPage\",\"@id\":\"https:\\\/\\\/www.nomme.ee\\\/paaskula-noortekeskus\\\/7-novembril-varajane-sulgemine\\\/\",\"url\":\"https:\\\/\\\/www.nomme.ee\\\/paaskula-noortekeskus\\\/7-novembril-varajane-sulgemine\\\/\",\"name\":\"7. novembril varajane sulgemine &#8211; P\u00e4\u00e4sk\u00fcla noortekeskus\",\"isPartOf\":{\"@id\":\"https:\\\/\\\/www.nomme.ee\\\/paaskula-noortekeskus\\\/#website\"},\"datePublished\":\"2025-10-31T08:20:00+00:00\",\"author\":{\"@id\":\"https:\\\/\\\/www.nomme.ee\\\/paaskula-noortekeskus\\\/#\\\/schema\\\/person\\\/75edaf0fe6ed5a548014fef1ba4ee8cf\"},\"breadcrumb\":{\"@id\":\"https:\\\/\\\/www.nomme.ee\\\/paaskula-noortekeskus\\\/7-novembril-varajane-sulgemine\\\/#breadcrumb\"},\"inLanguage\":\"et\",\"potentialAction\":[{\"@type\":\"ReadAction\",\"target\":[\"https:\\\/\\\/www.nomme.ee\\\/paaskula-noortekeskus\\\/7-novembril-varajane-sulgemine\\\/\"]}]},{\"@type\":\"BreadcrumbList\",\"@id\":\"https:\\\/\\\/www.nomme.ee\\\/paaskula-noortekeskus\\\/7-novembril-varajane-sulgemine\\\/#breadcrumb\",\"itemListElement\":[{\"@type\":\"ListItem\",\"position\":1,\"name\":\"N\u00f5mme Vaba Aja Keskus\",\"item\":\"https:\\\/\\\/www.nomme.ee\"},{\"@type\":\"ListItem\",\"position\":2,\"name\":\"P\u00e4\u00e4sk\u00fcla noortekeskus\",\"item\":\"https:\\\/\\\/www.nomme.ee\\\/paaskula-noortekeskus\\\/\"},{\"@type\":\"ListItem\",\"position\":3,\"name\":\"7. novembril varajane sulgemine\"}]},{\"@type\":\"WebSite\",\"@id\":\"https:\\\/\\\/www.nomme.ee\\\/paaskula-noortekeskus\\\/#website\",\"url\":\"https:\\\/\\\/www.nomme.ee\\\/paaskula-noortekeskus\\\/\",\"name\":\"P\u00e4\u00e4sk\u00fcla noortekeskus\",\"description\":\"\",\"potentialAction\":[{\"@type\":\"SearchAction\",\"target\":{\"@type\":\"EntryPoint\",\"urlTemplate\":\"https:\\\/\\\/www.nomme.ee\\\/paaskula-noortekeskus\\\/?s={search_term_string}\"},\"query-input\":{\"@type\":\"PropertyValueSpecification\",\"valueRequired\":true,\"valueName\":\"search_term_string\"}}],\"inLanguage\":\"et\"},{\"@type\":\"Person\",\"@id\":\"https:\\\/\\\/www.nomme.ee\\\/paaskula-noortekeskus\\\/#\\\/schema\\\/person\\\/75edaf0fe6ed5a548014fef1ba4ee8cf\",\"name\":\"roula\",\"image\":{\"@type\":\"ImageObject\",\"inLanguage\":\"et\",\"@id\":\"https:\\\/\\\/secure.gravatar.com\\\/avatar\\\/89e8eec8f6dc17e8b96b698a793337ffd3efd53a710754e28cf13de0da57ca00?s=96&d=mm&r=g\",\"url\":\"https:\\\/\\\/secure.gravatar.com\\\/avatar\\\/89e8eec8f6dc17e8b96b698a793337ffd3efd53a710754e28cf13de0da57ca00?s=96&d=mm&r=g\",\"contentUrl\":\"https:\\\/\\\/secure.gravatar.com\\\/avatar\\\/89e8eec8f6dc17e8b96b698a793337ffd3efd53a710754e28cf13de0da57ca00?s=96&d=mm&r=g\",\"caption\":\"roula\"}}]}<\/script>\n<!-- \/ Yoast SEO plugin. -->","yoast_head_json":{"title":"7. novembril varajane sulgemine &#8211; P\u00e4\u00e4sk\u00fcla noortekeskus","robots":{"index":"index","follow":"follow","max-snippet":"max-snippet:-1","max-image-preview":"max-image-preview:large","max-video-preview":"max-video-preview:-1"},"canonical":"https:\/\/www.nomme.ee\/paaskula-noortekeskus\/7-novembril-varajane-sulgemine\/","og_locale":"et_EE","og_type":"article","og_title":"7. novembril varajane sulgemine &#8211; P\u00e4\u00e4sk\u00fcla noortekeskus","og_description":"Hea k\u00fclastaja, Palume t\u00e4hele panna, et reedel, 7. novembril l\u00f5petab P\u00e4\u00e4sk\u00fcla Noortekeskus koos sise-skatepargiga oma tegevused ning sulgub kell 17.00 erilise k\u00fclask\u00e4igu t\u00f5ttu. K\u00f5ik tegevused l\u00f5ppevad selleks ajaks. Tavap\u00e4rane t\u00f6\u00f6aeg j\u00e4tkub esmasp\u00e4eval. T\u00e4name m\u00f5istva suhtumise eest!","og_url":"https:\/\/www.nomme.ee\/paaskula-noortekeskus\/7-novembril-varajane-sulgemine\/","og_site_name":"P\u00e4\u00e4sk\u00fcla noortekeskus","article_published_time":"2025-10-31T08:20:00+00:00","og_image":[{"width":2000,"height":1414,"url":"https:\/\/www.nomme.ee\/paaskula-noortekeskus\/wp-content\/uploads\/sites\/4\/2025\/10\/Tahelepanu.jpg","type":"image\/jpeg"}],"author":"roula","twitter_card":"summary_large_image","twitter_misc":{"Written by":"roula","Est. reading time":"1 minut"},"schema":{"@context":"https:\/\/schema.org","@graph":[{"@type":"Article","@id":"https:\/\/www.nomme.ee\/paaskula-noortekeskus\/7-novembril-varajane-sulgemine\/#article","isPartOf":{"@id":"https:\/\/www.nomme.ee\/paaskula-noortekeskus\/7-novembril-varajane-sulgemine\/"},"author":{"name":"roula","@id":"https:\/\/www.nomme.ee\/paaskula-noortekeskus\/#\/schema\/person\/75edaf0fe6ed5a548014fef1ba4ee8cf"},"headline":"7. novembril varajane sulgemine","datePublished":"2025-10-31T08:20:00+00:00","mainEntityOfPage":{"@id":"https:\/\/www.nomme.ee\/paaskula-noortekeskus\/7-novembril-varajane-sulgemine\/"},"wordCount":53,"inLanguage":"et"},{"@type":"WebPage","@id":"https:\/\/www.nomme.ee\/paaskula-noortekeskus\/7-novembril-varajane-sulgemine\/","url":"https:\/\/www.nomme.ee\/paaskula-noortekeskus\/7-novembril-varajane-sulgemine\/","name":"7. novembril varajane sulgemine &#8211; P\u00e4\u00e4sk\u00fcla noortekeskus","isPartOf":{"@id":"https:\/\/www.nomme.ee\/paaskula-noortekeskus\/#website"},"datePublished":"2025-10-31T08:20:00+00:00","author":{"@id":"https:\/\/www.nomme.ee\/paaskula-noortekeskus\/#\/schema\/person\/75edaf0fe6ed5a548014fef1ba4ee8cf"},"breadcrumb":{"@id":"https:\/\/www.nomme.ee\/paaskula-noortekeskus\/7-novembril-varajane-sulgemine\/#breadcrumb"},"inLanguage":"et","potentialAction":[{"@type":"ReadAction","target":["https:\/\/www.nomme.ee\/paaskula-noortekeskus\/7-novembril-varajane-sulgemine\/"]}]},{"@type":"BreadcrumbList","@id":"https:\/\/www.nomme.ee\/paaskula-noortekeskus\/7-novembril-varajane-sulgemine\/#breadcrumb","itemListElement":[{"@type":"ListItem","position":1,"name":"N\u00f5mme Vaba Aja Keskus","item":"https:\/\/www.nomme.ee"},{"@type":"ListItem","position":2,"name":"P\u00e4\u00e4sk\u00fcla noortekeskus","item":"https:\/\/www.nomme.ee\/paaskula-noortekeskus\/"},{"@type":"ListItem","position":3,"name":"7. novembril varajane sulgemine"}]},{"@type":"WebSite","@id":"https:\/\/www.nomme.ee\/paaskula-noortekeskus\/#website","url":"https:\/\/www.nomme.ee\/paaskula-noortekeskus\/","name":"P\u00e4\u00e4sk\u00fcla noortekeskus","description":"","potentialAction":[{"@type":"SearchAction","target":{"@type":"EntryPoint","urlTemplate":"https:\/\/www.nomme.ee\/paaskula-noortekeskus\/?s={search_term_string}"},"query-input":{"@type":"PropertyValueSpecification","valueRequired":true,"valueName":"search_term_string"}}],"inLanguage":"et"},{"@type":"Person","@id":"https:\/\/www.nomme.ee\/paaskula-noortekeskus\/#\/schema\/person\/75edaf0fe6ed5a548014fef1ba4ee8cf","name":"roula","image":{"@type":"ImageObject","inLanguage":"et","@id":"https:\/\/secure.gravatar.com\/avatar\/89e8eec8f6dc17e8b96b698a793337ffd3efd53a710754e28cf13de0da57ca00?s=96&d=mm&r=g","url":"https:\/\/secure.gravatar.com\/avatar\/89e8eec8f6dc17e8b96b698a793337ffd3efd53a710754e28cf13de0da57ca00?s=96&d=mm&r=g","contentUrl":"https:\/\/secure.gravatar.com\/avatar\/89e8eec8f6dc17e8b96b698a793337ffd3efd53a710754e28cf13de0da57ca00?s=96&d=mm&r=g","caption":"roula"}}]}},"_links":{"self":[{"href":"https:\/\/www.nomme.ee\/paaskula-noortekeskus\/wp-json\/wp\/v2\/posts\/1314","targetHints":{"allow":["GET"]}}],"collection":[{"href":"https:\/\/www.nomme.ee\/paaskula-noortekeskus\/wp-json\/wp\/v2\/posts"}],"about":[{"href":"https:\/\/www.nomme.ee\/paaskula-noortekeskus\/wp-json\/wp\/v2\/types\/post"}],"author":[{"embeddable":true,"href":"https:\/\/www.nomme.ee\/paaskula-noortekeskus\/wp-json\/wp\/v2\/users\/21"}],"replies":[{"embeddable":true,"href":"https:\/\/www.nomme.ee\/paaskula-noortekeskus\/wp-json\/wp\/v2\/comments?post=1314"}],"version-history":[{"count":1,"href":"https:\/\/www.nomme.ee\/paaskula-noortekeskus\/wp-json\/wp\/v2\/posts\/1314\/revisions"}],"predecessor-version":[{"id":1315,"href":"https:\/\/www.nomme.ee\/paaskula-noortekeskus\/wp-json\/wp\/v2\/posts\/1314\/revisions\/1315"}],"wp:attachment":[{"href":"https:\/\/www.nomme.ee\/paaskula-noortekeskus\/wp-json\/wp\/v2\/media?parent=1314"}],"curies":[{"name":"wp","href":"https:\/\/api.w.org\/{rel}","templated":true}]}}