{"id":1014,"date":"2025-04-03T15:08:23","date_gmt":"2025-04-03T15:08:23","guid":{"rendered":"https:\/\/www.nomme.ee\/valdeku-noortekeskus\/?p=1014"},"modified":"2025-04-03T15:08:23","modified_gmt":"2025-04-03T15:08:23","slug":"valjaanded-meist-2023-aastal","status":"publish","type":"post","link":"https:\/\/www.nomme.ee\/valdeku-noortekeskus\/valjaanded-meist-2023-aastal\/","title":{"rendered":"V\u00e4ljaanded meist 2023 aastal"},"content":{"rendered":"<p>2023 aastal oleme kogu Valdeku Noortekeskuse tiimiga aktiivselt panustanud sellesse, et meid ennast, noortekeskusi ja noorsoot\u00f6\u00f6d laiemalt m\u00e4rgataks ja m\u00f5istetaks paremini. Seep\u00e4rast oleme kaasa l\u00f6\u00f6nud podcastides, kirjutanud artikleid ja olnud pildis nii palju kui see meie jaoks ajaliselt v\u00f5imalik on nii, et meie p\u00f5hit\u00f6\u00f6 kannatama ei peaks. Oleme p\u00e4ris uhked seni tehtu \u00fcle ja m\u00f5tlesime need \u00fchte postitusse ka teistele huvilistele kokku koondada.<\/p>\n<p>Sellel aastal v\u00f5tsime eraldi fookusesse kohaliku ajalehe N\u00f5mme S\u00f5numid artiklite kirjutamise. Sellega olid meile aasta jooksul abiks head s\u00f5brad P\u00e4\u00e4sk\u00fclast. Kokku j\u00f5udis N\u00f5mme S\u00f5numitesse meie poolt 8 artiklit, millele lisaks veel m\u00f5ned, kus \u00fcldist infot noortekeskuste kohta jagasime. Me oleme v\u00e4ga r\u00f5\u00f5msad, et meil on noorsoot\u00f6\u00f6taja Kerttu, kes on laia lugemusega ja bakatasemel \u00f5ppinud kuidas s\u00f5nu h\u00e4sti ritta seada. M\u00f5tteid kirjutamiseks v\u00f5ib meil k\u00f5igil olla, aga p\u00e4riselt loetavaks teeb need alati Kerttu, kes muuseas aitab ka Roula h\u00e4id m\u00f5tteid eesti keelde t\u00f5lkida. Siin on k\u00f5ik 2023 artiklid Valdeku Noortekeskuse poolt:<\/p>\n<p>Saame tuttavaks Estellega lk 4:<\/p>\n<p><span class=\"ui-provider a b c d e f g h i j k l m n o p q r s t u v w x y z ab ac ae af ag ah ai aj ak\" dir=\"ltr\"><p class=\"editor-content__cta\"><a class=\"main-btn\" target=\"_self\" href=\"https:\/\/issuu.com\/nomme\/docs\/n_mme_s_numid_20._jaanuar_2023?fr=sNDVjMjQ2NTAxODI\">N\u00f5mme noortekeskused teevad tihedat koost\u00f6\u00f6d v\u00e4lisvabatahtlikega<\/a><\/p><\/span><\/p>\n<p>Kaanelugu Evelyst: <span class=\"ui-provider a b c d e f g h i j k l m n o p q r s t u v w x y z ab ac ae af ag ah ai aj ak\" dir=\"ltr\">Tallinna aasta noorsoot\u00f6\u00f6taja tiitel tuli Valdeku noortekeskusesse Evely Pajulale(lk 1) ja Valdeku noortekeskusest saab lauam\u00e4ngude suuna protot\u00fc\u00fcp<\/span> (lk 5):<\/p>\n<p><span class=\"ui-provider a b c d e f g h i j k l m n o p q r s t u v w x y z ab ac ae af ag ah ai aj ak\" dir=\"ltr\"><p class=\"editor-content__cta\"><a class=\"main-btn\" target=\"_self\" href=\"https:\/\/issuu.com\/nomme\/docs\/n_mme_s_numid_3._m_rts_2023?fr=sODk0MjQ2NTAxODI\">M\u00f5lemad artiklid k\u00e4ttesaadavad siin<\/a><\/p><\/span><\/p>\n<p>Kevadine koolivaheaeg Valdeku Noortekeskuses lk 5:<\/p>\n<p><span class=\"ui-provider a b c d e f g h i j k l m n o p q r s t u v w x y z ab ac ae af ag ah ai aj ak\" dir=\"ltr\"><p class=\"editor-content__cta\"><a class=\"main-btn\" target=\"_self\" href=\"https:\/\/issuu.com\/nomme\/docs\/n_mme_s_numid_14._aprill_2023?fr=sNDU2YTQ2NTAxODI\">R\u00e4\u00e4gib l\u00f5puriiete kirbuturust<\/a><\/p><\/span><\/p>\n<p>Kerttu artikkel N\u00f5mme noortekeskuste suve kohta lk 5:<\/p>\n<p><span class=\"ui-provider a b c d e f g h i j k l m n o p q r s t u v w x y z ab ac ae af ag ah ai aj ak\" dir=\"ltr\"><p class=\"editor-content__cta\"><a class=\"main-btn\" target=\"_self\" href=\"https:\/\/issuu.com\/nomme\/docs\/n_mme_s_numid_26._mai_2023?fr=sZjQyNjQ2NTAxODI\">N\u00f5mme noortekeskuste suvi<\/a><\/p><\/span><\/p>\n<p>Saame tuttavaks Kerttuga lk 4:<\/p>\n<p><span class=\"ui-provider a b c d e f g h i j k l m n o p q r s t u v w x y z ab ac ae af ag ah ai aj ak\" dir=\"ltr\"><p class=\"editor-content__cta\"><a class=\"main-btn\" target=\"_self\" href=\"https:\/\/issuu.com\/nomme\/docs\/n_mme_s_numid_180823?fr=xKAE9_zU1NQ\">Kerttu &#8211; s\u00e4rasilmne noorsoot\u00f6\u00f6taja<\/a><\/p><\/span><\/p>\n<p>Teine poolaasta N\u00f5mme noortekeskustes lk 4:<\/p>\n<p><span class=\"ui-provider a b c d e f g h i j k l m n o p q r s t u v w x y z ab ac ae af ag ah ai aj ak\" dir=\"ltr\"><p class=\"editor-content__cta\"><a class=\"main-btn\" target=\"_self\" href=\"https:\/\/issuu.com\/nomme\/docs\/nms?fr=xKAE9_1dpGw\">Uus hooaeg N\u00f5mme noortekeskustes<\/a><\/p><\/span><\/p>\n<p>Saame tuttavaks Roulaga lk 4:<\/p>\n<p><span class=\"ui-provider a b c d e f g h i j k l m n o p q r s t u v w x y z ab ac ae af ag ah ai aj ak\" dir=\"ltr\"><p class=\"editor-content__cta\"><a class=\"main-btn\" target=\"_self\" href=\"https:\/\/issuu.com\/nomme\/docs\/nms_42a554d0514da6\">Roula Abdelhay Valdeku Noortekeskusest<\/a><\/p><\/span><\/p>\n<p>E-noorsoot\u00f6\u00f6 koolivaheajal lk 6:<\/p>\n<p><span class=\"ui-provider a b c d e f g h i j k l m n o p q r s t u v w x y z ab ac ae af ag ah ai aj ak\" dir=\"ltr\"><p class=\"editor-content__cta\"><a class=\"main-btn\" target=\"_self\" href=\"https:\/\/issuu.com\/nomme\/docs\/nms_2212_23?fr=sOWY2ZjY0NDk0MTQ\">Noortekeskused pakuvad vaheajal p\u00f5nevaid tegevusi<\/a><\/p><\/span><\/p>\n<p>Oleme noorsoot\u00f6\u00f6tajatega k\u00f5ik uhked Eesti Noorsoot\u00f6\u00f6tajate Kogu liikmed ja tundub, et meie meeldime neile ka, sest nad on meie m\u00f5tteid oma blogis ja muus materjalis kasutanud. Nende korraldatud suured koolitused on meile t\u00f6\u00f6alaselt oluliseks ressursiks ja suvise &#8220;Mida Pornot?!&#8221; Suvekooli j\u00e4rel sai oma m\u00f5tteid m\u00f5lgutada Evely. S\u00fcgisel uute noorsoot\u00f6\u00f6tajate v\u00e4rbamiskampaanias sai kaasa l\u00fc\u00fca meie noortekeskuse k\u00f5ige uuem ENK liige Roula, kes oma eraelus ja t\u00f6\u00f6kohal on aktiivne keskkonna heaks tegutseja ning kes soovis jagada teistelegi kasulikke nippe ja kogemusi, kuidas iga p\u00e4ev teha midagi keskkonna heaks. Peale seda sai ka Kerttu oma m\u00f5tteid noorsoot\u00f6\u00f6tajaks olemise kohta m\u00f5lgutada ENK blogis.<\/p>\n<p>Evely koost\u00f6\u00f6s Silveriga avameelselt ENKi Suvelkoolist:<\/p>\n<p><span class=\"ui-provider a b c d e f g h i j k l m n o p q r s t u v w x y z ab ac ae af ag ah ai aj ak\" dir=\"ltr\"><p class=\"editor-content__cta\"><a class=\"main-btn\" target=\"_self\" href=\"https:\/\/enk.ee\/avameelselt-enki-suvekoolist\/\">Avameelselt ENKi Suvekoolist<\/a><\/p><\/span><\/p>\n<p>Roula ENK s\u00fcgiskampaanias:<\/p>\n<p><span class=\"ui-provider a b c d e f g h i j k l m n o p q r s t u v w x y z ab ac ae af ag ah ai aj ak\" dir=\"ltr\"><p class=\"editor-content__cta\"><a class=\"main-btn\" target=\"_self\" href=\"https:\/\/www.facebook.com\/enk.org.ee\/posts\/pfbid02GiQAEvnEW6HEXaoJdEzXGQViSwG24DoegwZVJiJKdQApuMcXBZjiEMCSKNqXV4Kml\">Roula m\u00f5tted postituses<\/a><\/p><\/span><\/p>\n<p>Kerttu Karing: ENKi liikmena inspireerib mind k\u00f5ige rohkem \u00fchistel v\u00e4\u00e4rtustel p\u00f5hinev kogukonnatunne:<\/p>\n<p><span class=\"ui-provider a b c d e f g h i j k l m n o p q r s t u v w x y z ab ac ae af ag ah ai aj ak\" dir=\"ltr\"><p class=\"editor-content__cta\"><a class=\"main-btn\" target=\"_self\" href=\"https:\/\/enk.ee\/kerttu-karing-enki-liikmena-inspireerib-mind-koige-rohkem-uhistel-vaartustel-pohinev-kogukonnatunne\/\">Kerttu ENK blogis<\/a><\/p><\/span><\/p>\n<p>Kohalikul tasandil ja ENKi k\u00f5rval on meie m\u00f5tteid kasutatud ka Noortevaldkonna ajakirja MIHUS artiklites. Aasta alguses Evely ja Asso m\u00f5lgutasid keskkonnahoiuteemalisi m\u00f5tteid. Need on k\u00e4ttesaadavad nii artikli kujul kui ka videoformaadis. Ka noorsoot\u00f6\u00f6taja Roula kirjutas sissejuhatuse artikli v\u00e4ljakutsele<\/p>\n<p>Mihuse artikkel ja podcast keskkonnahoiu teemal:<\/p>\n<p><span class=\"ui-provider a b c d e f g h i j k l m n o p q r s t u v w x y z ab ac ae af ag ah ai aj ak\" dir=\"ltr\"><p class=\"editor-content__cta\"><a class=\"main-btn\" target=\"_self\" href=\"https:\/\/mihus.mitteformaalne.ee\/miks-keskkonnahoid-on-iga-noortega-tootava-inimese-vastutus\/?fbclid=IwAR0rD1O_f79ZQSVPeuR9R7CrbnVmZkEmKwmaNZtpDIUYbtHcghBUqsPhwnQ\">Mihuse artikkel ja podcast Evely ja Assoga<\/a><\/p><\/span><\/p>\n<p>Roula sissejuhatus:<\/p>\n<p><span class=\"ui-provider a b c d e f g h i j k l m n o p q r s t u v w x y z ab ac ae af ag ah ai aj ak\" dir=\"ltr\"><p class=\"editor-content__cta\"><a class=\"main-btn\" target=\"_self\" href=\"https:\/\/mihus.mitteformaalne.ee\/mihuse-valjakutse-kas-osaleb-terviklik-noor-voi-saab-osalev-noor-terviklikuks\/?fbclid=IwAR32I-cr4s-LrycLN64ZBCG_l0B-McD0WYM6LcNQqMDL8duSCbx_Ki1l6k0\"><\/span>MIHUSe v\u00e4ljakutse: Kas osaleb terviklik noor? V\u00f5i saab osalev noor terviklikuks?<span class=\"ui-provider a b c d e f g h i j k l m n o p q r s t u v w x y z ab ac ae af ag ah ai aj ak\" dir=\"ltr\"><\/a><\/p><\/span><\/p>\n<p>Keskkonnateemadel jagas oma Evely oma m\u00f5tteid ka Noor Tegija podcastis koost\u00f6\u00f6s Rohelise Pealinna esindajaga.<\/p>\n<p><span class=\"ui-provider a b c d e f g h i j k l m n o p q r s t u v w x y z ab ac ae af ag ah ai aj ak\" dir=\"ltr\"><p class=\"editor-content__cta\"><a class=\"main-btn\" target=\"_self\" href=\"https:\/\/www.youtube.com\/watch?app=desktop&amp;v=1OKxyRzY020&amp;ab_channel=NoorTegija\">Podcast: Fookuses on roheline elukeskkond<\/a><\/p><\/span><\/p>\n<p>Podcastide poolest on olnud hea aasta, sest ka Haridus- ja Noorteameti blogisse j\u00f5udsime \u00fche podcastiga, mille fookus oli noortevaldkonna tulevikustsenaariumite teemadel arutlemine.<\/p>\n<p><span class=\"ui-provider a b c d e f g h i j k l m n o p q r s t u v w x y z ab ac ae af ag ah ai aj ak\" dir=\"ltr\"><p class=\"editor-content__cta\"><a class=\"main-btn\" target=\"_self\" href=\"https:\/\/blogi.harno.ee\/arutleme-noortevaldkonna-tulevikustsenaariumite-ja-valdkonna-olulisuse-ule-uhiskonnas\/\"><\/span>Arutleme noortevaldkonna tulevikustsenaariumite ja valdkonna olulisuse \u00fcle \u00fchiskonnas<span class=\"ui-provider a b c d e f g h i j k l m n o p q r s t u v w x y z ab ac ae af ag ah ai aj ak\" dir=\"ltr\"><\/a><\/p><\/span><\/p>\n<p>Aasta oli Valdeku jaoks eriliselt vahva, sest t\u00e4helepanu sai tavap\u00e4rasega v\u00f5rreldes oluliselt rohkem ja eks oma roll oli sellel, et Evely sai Tallinna aasta noorsoot\u00f6\u00f6taja tiitliga p\u00e4rjatud. Sellel teemal ka pealinnameedias artikkel:<\/p>\n<p><span class=\"ui-provider a b c d e f g h i j k l m n o p q r s t u v w x y z ab ac ae af ag ah ai aj ak\" dir=\"ltr\"><p class=\"editor-content__cta\"><a class=\"main-btn\" target=\"_self\" href=\"https:\/\/www.tallinn.ee\/et\/noorteinfo\/uudis\/evely-pajula-noorsootoo-vaarib-suuremat-vaartustamist-ja-tunnustamist\"><\/span><span class=\"field field--name-title field--type-string field--label-hidden\">Evely Pajula: Noorsoot\u00f6\u00f6 v\u00e4\u00e4rib suuremat v\u00e4\u00e4rtustamist ja tunnustamist<\/span><\/a><\/p><\/p>\n<p>Meie m\u00f5tteid leiab ka veidi ootamatutest kohtadest. N\u00e4iteks koostas Tallinna \u00d5petajate Maja kogumiku &#8220;Keskkonnahoid ja loodusharidus lasteaias ja koolis&#8221;. Seal on meid mainitud l\u00e4bi raamatu mitmes artiklis ja kogumik on k\u00e4ttesaadav nii netiavarustes kui f\u00fc\u00fcsilise raamatuna. Kevadel korraldasime koost\u00f6\u00f6s vabatahtlike noortega suure L\u00f5puriiete Kirbuturu ja \u00fcks vabatahtlikest jagas oma m\u00f5tteid sellej\u00e4rgselt ka Bioneer.ee keskkonnas.<\/p>\n<p>\u00d5petajate Maja kogumik:<\/p>\n<p><span class=\"ui-provider a b c d e f g h i j k l m n o p q r s t u v w x y z ab ac ae af ag ah ai aj ak\" dir=\"ltr\"><p class=\"editor-content__cta\"><a class=\"main-btn\" target=\"_self\" href=\"https:\/\/opetajatemaja.ee\/kogumik-keskkonnahoid-ja-loodusharidus-lasteaias-ja-koolis\/\">Kogumik &#8220;Keskkonnahoid ja loodusharidus lasteaias ja koolis&#8221;<\/a><\/p><\/span><\/p>\n<p>Kirbuturu vabatahtlik Anette Pukk artikkel bioneer.ee portaalis:<\/p>\n<p><span class=\"ui-provider a b c d e f g h i j k l m n o p q r s t u v w x y z ab ac ae af ag ah ai aj ak\" dir=\"ltr\"><p class=\"editor-content__cta\"><a class=\"main-btn\" target=\"_self\" href=\"https:\/\/bioneer.ee\/%C5%A1oppamiskultuur-tuleb-l%C3%B5petada-ehk-l%C3%B5pukleit-ei-pea-olema-uus\"><\/span>\u0160oppamiskultuur tuleb l\u00f5petada ehk l\u00f5pukleit ei pea olema uus<span class=\"ui-provider a b c d e f g h i j k l m n o p q r s t u v w x y z ab ac ae af ag ah ai aj ak\" dir=\"ltr\"><\/a><\/p><\/span><\/p>\n<p><span class=\"ui-provider a b c d e f g h i j k l m n o p q r s t u v w x y z ab ac ae af ag ah ai aj ak\" dir=\"ltr\">2023 oli Valdeku Noortekeskuse jaoks erakordselt hea aasta ja on hea n\u00e4ha, et j\u00f5udsime sellest ka p\u00e4ris-p\u00e4ris m\u00e4rke maha j\u00e4tta, et k\u00f5ik ei j\u00e4\u00e4ks vaid noorte m\u00e4lestustesse. Ait\u00e4h noorsoot\u00f6\u00f6tajad Roula ja Kerttu, laste- ja noortet\u00f6\u00f6 juht Evely, N\u00f5mme Vaba Aja Keskuse direktor Asso ja v\u00e4lisvabatahtlikud Estelle ja Enzo selle erakordse aastak\u00e4igu eest. Teeme veel!\u00a0<\/span><\/p>\n<p>&nbsp;<\/p>\n","protected":false},"excerpt":{"rendered":"<p>2023 aastal oleme kogu Valdeku Noortekeskuse tiimiga aktiivselt panustanud sellesse, et meid ennast, noortekeskusi ja noorsoot\u00f6\u00f6d laiemalt m\u00e4rgataks ja m\u00f5istetaks paremini. Seep\u00e4rast oleme kaasa l\u00f6\u00f6nud podcastides, kirjutanud artikleid ja olnud pildis nii palju kui see meie jaoks ajaliselt v\u00f5imalik on nii, et meie p\u00f5hit\u00f6\u00f6 kannatama ei peaks. Oleme p\u00e4ris uhked seni tehtu \u00fcle ja m\u00f5tlesime [&hellip;]<\/p>\n","protected":false},"author":13,"featured_media":1015,"comment_status":"closed","ping_status":"open","sticky":false,"template":"","format":"standard","meta":{"_acf_changed":false,"footnotes":""},"class_list":["post-1014","post","type-post","status-publish","format-standard","has-post-thumbnail","hentry"],"acf":[],"yoast_head":"<!-- This site is optimized with the Yoast SEO plugin v27.5 - https:\/\/yoast.com\/product\/yoast-seo-wordpress\/ -->\n<title>V\u00e4ljaanded meist 2023 aastal &#8211; Valdeku noortekeskus<\/title>\n<meta name=\"robots\" content=\"index, follow, max-snippet:-1, max-image-preview:large, max-video-preview:-1\" \/>\n<link rel=\"canonical\" href=\"https:\/\/www.nomme.ee\/valdeku-noortekeskus\/valjaanded-meist-2023-aastal\/\" \/>\n<meta property=\"og:locale\" content=\"et_EE\" \/>\n<meta property=\"og:type\" content=\"article\" \/>\n<meta property=\"og:title\" content=\"V\u00e4ljaanded meist 2023 aastal &#8211; Valdeku noortekeskus\" \/>\n<meta property=\"og:description\" content=\"2023 aastal oleme kogu Valdeku Noortekeskuse tiimiga aktiivselt panustanud sellesse, et meid ennast, noortekeskusi ja noorsoot\u00f6\u00f6d laiemalt m\u00e4rgataks ja m\u00f5istetaks paremini. Seep\u00e4rast oleme kaasa l\u00f6\u00f6nud podcastides, kirjutanud artikleid ja olnud pildis nii palju kui see meie jaoks ajaliselt v\u00f5imalik on nii, et meie p\u00f5hit\u00f6\u00f6 kannatama ei peaks. Oleme p\u00e4ris uhked seni tehtu \u00fcle ja m\u00f5tlesime [&hellip;]\" \/>\n<meta property=\"og:url\" content=\"https:\/\/www.nomme.ee\/valdeku-noortekeskus\/valjaanded-meist-2023-aastal\/\" \/>\n<meta property=\"og:site_name\" content=\"Valdeku noortekeskus\" \/>\n<meta property=\"article:published_time\" content=\"2025-04-03T15:08:23+00:00\" \/>\n<meta property=\"og:image\" content=\"https:\/\/www.nomme.ee\/valdeku-noortekeskus\/wp-content\/uploads\/sites\/3\/2023\/12\/PXL_20230120_111018721-scaled.jpg\" \/>\n\t<meta property=\"og:image:width\" content=\"1440\" \/>\n\t<meta property=\"og:image:height\" content=\"2560\" \/>\n\t<meta property=\"og:image:type\" content=\"image\/jpeg\" \/>\n<meta name=\"author\" content=\"evely\" \/>\n<meta name=\"twitter:card\" content=\"summary_large_image\" \/>\n<meta name=\"twitter:label1\" content=\"Written by\" \/>\n\t<meta name=\"twitter:data1\" content=\"evely\" \/>\n\t<meta name=\"twitter:label2\" content=\"Est. reading time\" \/>\n\t<meta name=\"twitter:data2\" content=\"5 minutit\" \/>\n<script type=\"application\/ld+json\" class=\"yoast-schema-graph\">{\"@context\":\"https:\\\/\\\/schema.org\",\"@graph\":[{\"@type\":\"Article\",\"@id\":\"https:\\\/\\\/www.nomme.ee\\\/valdeku-noortekeskus\\\/valjaanded-meist-2023-aastal\\\/#article\",\"isPartOf\":{\"@id\":\"https:\\\/\\\/www.nomme.ee\\\/valdeku-noortekeskus\\\/valjaanded-meist-2023-aastal\\\/\"},\"author\":{\"name\":\"evely\",\"@id\":\"https:\\\/\\\/www.nomme.ee\\\/valdeku-noortekeskus\\\/#\\\/schema\\\/person\\\/6f7e185fd2e8a2f1334d20f6045b57d1\"},\"headline\":\"V\u00e4ljaanded meist 2023 aastal\",\"datePublished\":\"2025-04-03T15:08:23+00:00\",\"mainEntityOfPage\":{\"@id\":\"https:\\\/\\\/www.nomme.ee\\\/valdeku-noortekeskus\\\/valjaanded-meist-2023-aastal\\\/\"},\"wordCount\":1020,\"image\":{\"@id\":\"https:\\\/\\\/www.nomme.ee\\\/valdeku-noortekeskus\\\/valjaanded-meist-2023-aastal\\\/#primaryimage\"},\"thumbnailUrl\":\"https:\\\/\\\/www.nomme.ee\\\/valdeku-noortekeskus\\\/wp-content\\\/uploads\\\/sites\\\/3\\\/2023\\\/12\\\/PXL_20230120_111018721-scaled.jpg\",\"inLanguage\":\"et\"},{\"@type\":\"WebPage\",\"@id\":\"https:\\\/\\\/www.nomme.ee\\\/valdeku-noortekeskus\\\/valjaanded-meist-2023-aastal\\\/\",\"url\":\"https:\\\/\\\/www.nomme.ee\\\/valdeku-noortekeskus\\\/valjaanded-meist-2023-aastal\\\/\",\"name\":\"V\u00e4ljaanded meist 2023 aastal &#8211; Valdeku noortekeskus\",\"isPartOf\":{\"@id\":\"https:\\\/\\\/www.nomme.ee\\\/valdeku-noortekeskus\\\/#website\"},\"primaryImageOfPage\":{\"@id\":\"https:\\\/\\\/www.nomme.ee\\\/valdeku-noortekeskus\\\/valjaanded-meist-2023-aastal\\\/#primaryimage\"},\"image\":{\"@id\":\"https:\\\/\\\/www.nomme.ee\\\/valdeku-noortekeskus\\\/valjaanded-meist-2023-aastal\\\/#primaryimage\"},\"thumbnailUrl\":\"https:\\\/\\\/www.nomme.ee\\\/valdeku-noortekeskus\\\/wp-content\\\/uploads\\\/sites\\\/3\\\/2023\\\/12\\\/PXL_20230120_111018721-scaled.jpg\",\"datePublished\":\"2025-04-03T15:08:23+00:00\",\"author\":{\"@id\":\"https:\\\/\\\/www.nomme.ee\\\/valdeku-noortekeskus\\\/#\\\/schema\\\/person\\\/6f7e185fd2e8a2f1334d20f6045b57d1\"},\"breadcrumb\":{\"@id\":\"https:\\\/\\\/www.nomme.ee\\\/valdeku-noortekeskus\\\/valjaanded-meist-2023-aastal\\\/#breadcrumb\"},\"inLanguage\":\"et\",\"potentialAction\":[{\"@type\":\"ReadAction\",\"target\":[\"https:\\\/\\\/www.nomme.ee\\\/valdeku-noortekeskus\\\/valjaanded-meist-2023-aastal\\\/\"]}]},{\"@type\":\"ImageObject\",\"inLanguage\":\"et\",\"@id\":\"https:\\\/\\\/www.nomme.ee\\\/valdeku-noortekeskus\\\/valjaanded-meist-2023-aastal\\\/#primaryimage\",\"url\":\"https:\\\/\\\/www.nomme.ee\\\/valdeku-noortekeskus\\\/wp-content\\\/uploads\\\/sites\\\/3\\\/2023\\\/12\\\/PXL_20230120_111018721-scaled.jpg\",\"contentUrl\":\"https:\\\/\\\/www.nomme.ee\\\/valdeku-noortekeskus\\\/wp-content\\\/uploads\\\/sites\\\/3\\\/2023\\\/12\\\/PXL_20230120_111018721-scaled.jpg\",\"width\":1440,\"height\":2560},{\"@type\":\"BreadcrumbList\",\"@id\":\"https:\\\/\\\/www.nomme.ee\\\/valdeku-noortekeskus\\\/valjaanded-meist-2023-aastal\\\/#breadcrumb\",\"itemListElement\":[{\"@type\":\"ListItem\",\"position\":1,\"name\":\"N\u00f5mme Vaba Aja Keskus\",\"item\":\"https:\\\/\\\/www.nomme.ee\"},{\"@type\":\"ListItem\",\"position\":2,\"name\":\"Valdeku noortekeskus\",\"item\":\"https:\\\/\\\/www.nomme.ee\\\/valdeku-noortekeskus\\\/\"},{\"@type\":\"ListItem\",\"position\":3,\"name\":\"V\u00e4ljaanded meist 2023 aastal\"}]},{\"@type\":\"WebSite\",\"@id\":\"https:\\\/\\\/www.nomme.ee\\\/valdeku-noortekeskus\\\/#website\",\"url\":\"https:\\\/\\\/www.nomme.ee\\\/valdeku-noortekeskus\\\/\",\"name\":\"Valdeku noortekeskus\",\"description\":\"\",\"potentialAction\":[{\"@type\":\"SearchAction\",\"target\":{\"@type\":\"EntryPoint\",\"urlTemplate\":\"https:\\\/\\\/www.nomme.ee\\\/valdeku-noortekeskus\\\/?s={search_term_string}\"},\"query-input\":{\"@type\":\"PropertyValueSpecification\",\"valueRequired\":true,\"valueName\":\"search_term_string\"}}],\"inLanguage\":\"et\"},{\"@type\":\"Person\",\"@id\":\"https:\\\/\\\/www.nomme.ee\\\/valdeku-noortekeskus\\\/#\\\/schema\\\/person\\\/6f7e185fd2e8a2f1334d20f6045b57d1\",\"name\":\"evely\",\"image\":{\"@type\":\"ImageObject\",\"inLanguage\":\"et\",\"@id\":\"https:\\\/\\\/secure.gravatar.com\\\/avatar\\\/078c31344894356ce0a57060da9c9bd4504cb0152d7670f30a9253ac111bfd4f?s=96&d=mm&r=g\",\"url\":\"https:\\\/\\\/secure.gravatar.com\\\/avatar\\\/078c31344894356ce0a57060da9c9bd4504cb0152d7670f30a9253ac111bfd4f?s=96&d=mm&r=g\",\"contentUrl\":\"https:\\\/\\\/secure.gravatar.com\\\/avatar\\\/078c31344894356ce0a57060da9c9bd4504cb0152d7670f30a9253ac111bfd4f?s=96&d=mm&r=g\",\"caption\":\"evely\"}}]}<\/script>\n<!-- \/ Yoast SEO plugin. -->","yoast_head_json":{"title":"V\u00e4ljaanded meist 2023 aastal &#8211; Valdeku noortekeskus","robots":{"index":"index","follow":"follow","max-snippet":"max-snippet:-1","max-image-preview":"max-image-preview:large","max-video-preview":"max-video-preview:-1"},"canonical":"https:\/\/www.nomme.ee\/valdeku-noortekeskus\/valjaanded-meist-2023-aastal\/","og_locale":"et_EE","og_type":"article","og_title":"V\u00e4ljaanded meist 2023 aastal &#8211; Valdeku noortekeskus","og_description":"2023 aastal oleme kogu Valdeku Noortekeskuse tiimiga aktiivselt panustanud sellesse, et meid ennast, noortekeskusi ja noorsoot\u00f6\u00f6d laiemalt m\u00e4rgataks ja m\u00f5istetaks paremini. Seep\u00e4rast oleme kaasa l\u00f6\u00f6nud podcastides, kirjutanud artikleid ja olnud pildis nii palju kui see meie jaoks ajaliselt v\u00f5imalik on nii, et meie p\u00f5hit\u00f6\u00f6 kannatama ei peaks. Oleme p\u00e4ris uhked seni tehtu \u00fcle ja m\u00f5tlesime [&hellip;]","og_url":"https:\/\/www.nomme.ee\/valdeku-noortekeskus\/valjaanded-meist-2023-aastal\/","og_site_name":"Valdeku noortekeskus","article_published_time":"2025-04-03T15:08:23+00:00","og_image":[{"width":1440,"height":2560,"url":"https:\/\/www.nomme.ee\/valdeku-noortekeskus\/wp-content\/uploads\/sites\/3\/2023\/12\/PXL_20230120_111018721-scaled.jpg","type":"image\/jpeg"}],"author":"evely","twitter_card":"summary_large_image","twitter_misc":{"Written by":"evely","Est. reading time":"5 minutit"},"schema":{"@context":"https:\/\/schema.org","@graph":[{"@type":"Article","@id":"https:\/\/www.nomme.ee\/valdeku-noortekeskus\/valjaanded-meist-2023-aastal\/#article","isPartOf":{"@id":"https:\/\/www.nomme.ee\/valdeku-noortekeskus\/valjaanded-meist-2023-aastal\/"},"author":{"name":"evely","@id":"https:\/\/www.nomme.ee\/valdeku-noortekeskus\/#\/schema\/person\/6f7e185fd2e8a2f1334d20f6045b57d1"},"headline":"V\u00e4ljaanded meist 2023 aastal","datePublished":"2025-04-03T15:08:23+00:00","mainEntityOfPage":{"@id":"https:\/\/www.nomme.ee\/valdeku-noortekeskus\/valjaanded-meist-2023-aastal\/"},"wordCount":1020,"image":{"@id":"https:\/\/www.nomme.ee\/valdeku-noortekeskus\/valjaanded-meist-2023-aastal\/#primaryimage"},"thumbnailUrl":"https:\/\/www.nomme.ee\/valdeku-noortekeskus\/wp-content\/uploads\/sites\/3\/2023\/12\/PXL_20230120_111018721-scaled.jpg","inLanguage":"et"},{"@type":"WebPage","@id":"https:\/\/www.nomme.ee\/valdeku-noortekeskus\/valjaanded-meist-2023-aastal\/","url":"https:\/\/www.nomme.ee\/valdeku-noortekeskus\/valjaanded-meist-2023-aastal\/","name":"V\u00e4ljaanded meist 2023 aastal &#8211; Valdeku noortekeskus","isPartOf":{"@id":"https:\/\/www.nomme.ee\/valdeku-noortekeskus\/#website"},"primaryImageOfPage":{"@id":"https:\/\/www.nomme.ee\/valdeku-noortekeskus\/valjaanded-meist-2023-aastal\/#primaryimage"},"image":{"@id":"https:\/\/www.nomme.ee\/valdeku-noortekeskus\/valjaanded-meist-2023-aastal\/#primaryimage"},"thumbnailUrl":"https:\/\/www.nomme.ee\/valdeku-noortekeskus\/wp-content\/uploads\/sites\/3\/2023\/12\/PXL_20230120_111018721-scaled.jpg","datePublished":"2025-04-03T15:08:23+00:00","author":{"@id":"https:\/\/www.nomme.ee\/valdeku-noortekeskus\/#\/schema\/person\/6f7e185fd2e8a2f1334d20f6045b57d1"},"breadcrumb":{"@id":"https:\/\/www.nomme.ee\/valdeku-noortekeskus\/valjaanded-meist-2023-aastal\/#breadcrumb"},"inLanguage":"et","potentialAction":[{"@type":"ReadAction","target":["https:\/\/www.nomme.ee\/valdeku-noortekeskus\/valjaanded-meist-2023-aastal\/"]}]},{"@type":"ImageObject","inLanguage":"et","@id":"https:\/\/www.nomme.ee\/valdeku-noortekeskus\/valjaanded-meist-2023-aastal\/#primaryimage","url":"https:\/\/www.nomme.ee\/valdeku-noortekeskus\/wp-content\/uploads\/sites\/3\/2023\/12\/PXL_20230120_111018721-scaled.jpg","contentUrl":"https:\/\/www.nomme.ee\/valdeku-noortekeskus\/wp-content\/uploads\/sites\/3\/2023\/12\/PXL_20230120_111018721-scaled.jpg","width":1440,"height":2560},{"@type":"BreadcrumbList","@id":"https:\/\/www.nomme.ee\/valdeku-noortekeskus\/valjaanded-meist-2023-aastal\/#breadcrumb","itemListElement":[{"@type":"ListItem","position":1,"name":"N\u00f5mme Vaba Aja Keskus","item":"https:\/\/www.nomme.ee"},{"@type":"ListItem","position":2,"name":"Valdeku noortekeskus","item":"https:\/\/www.nomme.ee\/valdeku-noortekeskus\/"},{"@type":"ListItem","position":3,"name":"V\u00e4ljaanded meist 2023 aastal"}]},{"@type":"WebSite","@id":"https:\/\/www.nomme.ee\/valdeku-noortekeskus\/#website","url":"https:\/\/www.nomme.ee\/valdeku-noortekeskus\/","name":"Valdeku noortekeskus","description":"","potentialAction":[{"@type":"SearchAction","target":{"@type":"EntryPoint","urlTemplate":"https:\/\/www.nomme.ee\/valdeku-noortekeskus\/?s={search_term_string}"},"query-input":{"@type":"PropertyValueSpecification","valueRequired":true,"valueName":"search_term_string"}}],"inLanguage":"et"},{"@type":"Person","@id":"https:\/\/www.nomme.ee\/valdeku-noortekeskus\/#\/schema\/person\/6f7e185fd2e8a2f1334d20f6045b57d1","name":"evely","image":{"@type":"ImageObject","inLanguage":"et","@id":"https:\/\/secure.gravatar.com\/avatar\/078c31344894356ce0a57060da9c9bd4504cb0152d7670f30a9253ac111bfd4f?s=96&d=mm&r=g","url":"https:\/\/secure.gravatar.com\/avatar\/078c31344894356ce0a57060da9c9bd4504cb0152d7670f30a9253ac111bfd4f?s=96&d=mm&r=g","contentUrl":"https:\/\/secure.gravatar.com\/avatar\/078c31344894356ce0a57060da9c9bd4504cb0152d7670f30a9253ac111bfd4f?s=96&d=mm&r=g","caption":"evely"}}]}},"_links":{"self":[{"href":"https:\/\/www.nomme.ee\/valdeku-noortekeskus\/wp-json\/wp\/v2\/posts\/1014","targetHints":{"allow":["GET"]}}],"collection":[{"href":"https:\/\/www.nomme.ee\/valdeku-noortekeskus\/wp-json\/wp\/v2\/posts"}],"about":[{"href":"https:\/\/www.nomme.ee\/valdeku-noortekeskus\/wp-json\/wp\/v2\/types\/post"}],"author":[{"embeddable":true,"href":"https:\/\/www.nomme.ee\/valdeku-noortekeskus\/wp-json\/wp\/v2\/users\/13"}],"replies":[{"embeddable":true,"href":"https:\/\/www.nomme.ee\/valdeku-noortekeskus\/wp-json\/wp\/v2\/comments?post=1014"}],"version-history":[{"count":16,"href":"https:\/\/www.nomme.ee\/valdeku-noortekeskus\/wp-json\/wp\/v2\/posts\/1014\/revisions"}],"predecessor-version":[{"id":1084,"href":"https:\/\/www.nomme.ee\/valdeku-noortekeskus\/wp-json\/wp\/v2\/posts\/1014\/revisions\/1084"}],"wp:featuredmedia":[{"embeddable":true,"href":"https:\/\/www.nomme.ee\/valdeku-noortekeskus\/wp-json\/wp\/v2\/media\/1015"}],"wp:attachment":[{"href":"https:\/\/www.nomme.ee\/valdeku-noortekeskus\/wp-json\/wp\/v2\/media?parent=1014"}],"curies":[{"name":"wp","href":"https:\/\/api.w.org\/{rel}","templated":true}]}}