{"id":1126,"date":"2024-01-24T10:59:10","date_gmt":"2024-01-24T10:59:10","guid":{"rendered":"https:\/\/www.nomme.ee\/valdeku-noortekeskus\/?p=1126"},"modified":"2025-04-03T15:10:12","modified_gmt":"2025-04-03T15:10:12","slug":"noortekeskuses-toimus-valisvabatahtlik-enzo-teemanadal","status":"publish","type":"post","link":"https:\/\/www.nomme.ee\/valdeku-noortekeskus\/noortekeskuses-toimus-valisvabatahtlik-enzo-teemanadal\/","title":{"rendered":"Noortekeskuses toimus v\u00e4lisvabatahtlik Enzo teeman\u00e4dal"},"content":{"rendered":"<p><span data-contrast=\"none\">Viimased kuus aastat on Valdeku ja P\u00e4\u00e4sk\u00fcla Noortekeskused kaasanud oma igap\u00e4evat\u00f6\u00f6sse v\u00e4lisvabatahtlikke, mis mitmekesistab noortekeskuse t\u00f6\u00f6d ja annab noortele v\u00f5imaluse erinevate kultuuridega tutvumiseks. Seni on meiega olnud v\u00e4lisvabatahtlikud Saksamaalt, Prantsusmaalt, Hispaaniast, Gruusiast, T\u00fcrgist, Ukrainast ja Itaaliast.<\/span><br \/>\n<span data-contrast=\"none\">V\u00e4lisvabatahtlikud saabuvad Euroopa Solidaarsuskorpuse (ESK) projekti raames Eestisse 11 kuuks ja osalevad selle aja jooksul m\u00f5ne endale huvipakkuva asutuse t\u00f6\u00f6s. Noortekeskuses on vabatahtliku \u00fclesanneteks suhelda noortega, olla abiks noorsoot\u00f6\u00f6tajatele ning tutvustada noortele oma kultuuri l\u00e4bi huvitegevuste ja \u00fcrituste.\u00a0<\/span><span data-ccp-props=\"{&quot;201341983&quot;:0,&quot;335551550&quot;:6,&quot;335551620&quot;:6,&quot;335559739&quot;:160,&quot;335559740&quot;:259}\">\u00a0<\/span><\/p>\n<p><span data-contrast=\"auto\">2023\/2024 hooajal on meie vabatahtlikuks Enzo ning jaanuari esimesel n\u00e4dalal toimus Valdeku Noortekeskuses tema teeman\u00e4dal. Enzo on meie sekka tulnud Prantsusmaalt ja ta on meiega kuni 2024. aasta augusti l\u00f5puni. Teeman\u00e4dala eesm\u00e4rgiks oli anda noortele v\u00f5imalus tundma \u00f5ppida meie v\u00e4lisvabatahtlikku ennast ja tema kultuuri erip\u00e4rasid ning harjutada inglise keelt. Enzo isiklikuks eesm\u00e4rgiks endateemalise n\u00e4dala korraldamisel oli see, et noored saaksid tundma teda ning talle olulisi teemasid ning seel\u00e4bi tunneksid temaga tugevamat sidet ka igap\u00e4evaselt noortekeskust k\u00fclastades.\u00a0<\/span><span data-ccp-props=\"{&quot;201341983&quot;:0,&quot;335551550&quot;:6,&quot;335551620&quot;:6,&quot;335559739&quot;:160,&quot;335559740&quot;:259}\">\u00a0<\/span><\/p>\n<p><span data-contrast=\"auto\">N\u00e4dala jooksul planeeris Enzo igale p\u00e4evale l\u00fchikese tegevuse, mille k\u00e4igus noortega paremini tuttavaks saada ning oma huvisid, hobisid ja kultuuri tutvustada. <strong>Teisip\u00e4eval<\/strong> said noored osa Enzo ja Prantsusmaa teemalisest Kahoot viktoriinist, mis andis v\u00f5imaluse Enzo kohta rohkem teada saada ning oli heaks sissejuhatuseks \u00fclej\u00e4\u00e4nud n\u00e4dalale. <strong>Kolmap\u00e4evases<\/strong> lauam\u00e4nguklubis said noored m\u00e4ngida lauam\u00e4ngu Dominion, mis oli Enzo jaoks \u00fcks esimestest m\u00e4ngudest, mille ta Valdekusse saabudes selgeks \u00f5ppis ning mis on kiiresti saanud tema lemmikm\u00e4nguks.\u00a0<\/span><span data-ccp-props=\"{&quot;201341983&quot;:0,&quot;335551550&quot;:6,&quot;335551620&quot;:6,&quot;335559739&quot;:160,&quot;335559740&quot;:259}\">\u00a0<\/span><\/p>\n<p><span data-contrast=\"auto\"><strong>Neljap\u00e4eval<\/strong> toimus kokandusklubi, mille korraldamine oli Enzole huvitav katsumus, sest kasvades \u00fcles kokast isaga on toidutegemine tema peres v\u00e4ga t\u00e4htsal kohal, kuid samas ei pea ta ennast veel v\u00e4ga heaks s\u00f6\u00f6gitegijaks. Seet\u00f5ttu valis ta \u00fchiseks kokkamiseks lihtsa \u0161okolaadikoogi ning ajal kui kook ahjus oli, v\u00f5eti uue grupi noortega ette Kahoot. Kuna v\u00f5istluslik viktoriin noortele v\u00e4ga meeldis ja koogil l\u00e4ks k\u00fcpsemisega aega, l\u00e4bisid noored \u00fcheskoos lisaks Enzo-teemalisele viktoriinile veel erinevaid viktoriine looduse ja riikide teemadel.<\/span><span data-ccp-props=\"{&quot;201341983&quot;:0,&quot;335551550&quot;:6,&quot;335551620&quot;:6,&quot;335559739&quot;:160,&quot;335559740&quot;:259}\">\u00a0<\/span><\/p>\n<p><span data-contrast=\"auto\"><strong>Reede<\/strong> m\u00f6\u00f6dus noortekeskuses rahulikumal toonil paberist sarvesaiu meisterdades ja jutustades.\u00a0<\/span><span data-ccp-props=\"{&quot;201341983&quot;:0,&quot;335551550&quot;:6,&quot;335551620&quot;:6,&quot;335559739&quot;:160,&quot;335559740&quot;:259}\">\u00a0<\/span><\/p>\n<p><span data-contrast=\"auto\">N\u00e4dala tagasisidest tulenes, et noored j\u00e4id n\u00e4dala tegevustega rahule ja hindasid v\u00f5imalust v\u00e4lisvabatahtlikku paremini tundma \u00f5ppida. Enzo ise tundis, et esimese enda korraldatud tegevusena noortekeskuses j\u00e4i ta n\u00e4dalaga rahule ning tunneb ennast enesekindlamalt, et oma vabatahtlikuteenistuse jooksul veel erinevaid tegevusi ja \u00fcritusi korraldada.\u00a0<\/span><span data-ccp-props=\"{&quot;201341983&quot;:0,&quot;335551550&quot;:6,&quot;335551620&quot;:6,&quot;335559739&quot;:160,&quot;335559740&quot;:259}\">\u00a0<\/span><\/p>\n<p><span data-contrast=\"auto\">Siinkohal ka \u00fcleskutse &#8211; kui sul on m\u00f5ni vahva idee, mida noortekeskuses \u00fcheskoos Enzoga teha, tule talle k\u00fclla!\u00a0Kui endal praegu ideid ei ole, siis Enzol on \u00fclesandeks korraldada m\u00e4rtsi l\u00f5pus lihav\u00f5teteteemaline \u00fcritus, mille korraldamiseks ta hea meelega abik\u00e4si ootab!<\/span><span data-ccp-props=\"{&quot;201341983&quot;:0,&quot;335551550&quot;:6,&quot;335551620&quot;:6,&quot;335559739&quot;:160,&quot;335559740&quot;:259}\">\u00a0<\/span><\/p>\n<p><span class=\"ui-provider a b c d e f g h i j k l m n o p q r s t u v w x y z ab ac ae af ag ah ai aj ak\" dir=\"ltr\"><p class=\"editor-content__cta\"><a class=\"main-btn\" target=\"_self\" href=\"https:\/\/www.instagram.com\/p\/C2ewEkKNQ9V\/?utm_source=ig_web_copy_link&amp;igsh=MzRlODBiNWFlZA==\">Pildi- ja videomeenutused Enzo n\u00e4dalast<\/a><\/p><\/span><\/p>\n","protected":false},"excerpt":{"rendered":"<p>Viimased kuus aastat on Valdeku ja P\u00e4\u00e4sk\u00fcla Noortekeskused kaasanud oma igap\u00e4evat\u00f6\u00f6sse v\u00e4lisvabatahtlikke, mis mitmekesistab noortekeskuse t\u00f6\u00f6d ja annab noortele v\u00f5imaluse erinevate kultuuridega tutvumiseks. Seni on meiega olnud v\u00e4lisvabatahtlikud Saksamaalt, Prantsusmaalt, Hispaaniast, Gruusiast, T\u00fcrgist, Ukrainast ja Itaaliast. V\u00e4lisvabatahtlikud saabuvad Euroopa Solidaarsuskorpuse (ESK) projekti raames Eestisse 11 kuuks ja osalevad selle aja jooksul m\u00f5ne endale huvipakkuva asutuse [&hellip;]<\/p>\n","protected":false},"author":16,"featured_media":1127,"comment_status":"closed","ping_status":"open","sticky":false,"template":"","format":"standard","meta":{"_acf_changed":false,"footnotes":""},"class_list":["post-1126","post","type-post","status-publish","format-standard","has-post-thumbnail","hentry"],"acf":[],"yoast_head":"<!-- This site is optimized with the Yoast SEO plugin v27.5 - https:\/\/yoast.com\/product\/yoast-seo-wordpress\/ -->\n<title>Noortekeskuses toimus v\u00e4lisvabatahtlik Enzo teeman\u00e4dal &#8211; Valdeku noortekeskus<\/title>\n<meta name=\"robots\" content=\"index, follow, max-snippet:-1, max-image-preview:large, max-video-preview:-1\" \/>\n<link rel=\"canonical\" href=\"https:\/\/www.nomme.ee\/valdeku-noortekeskus\/noortekeskuses-toimus-valisvabatahtlik-enzo-teemanadal\/\" \/>\n<meta property=\"og:locale\" content=\"et_EE\" \/>\n<meta property=\"og:type\" content=\"article\" \/>\n<meta property=\"og:title\" content=\"Noortekeskuses toimus v\u00e4lisvabatahtlik Enzo teeman\u00e4dal &#8211; Valdeku noortekeskus\" \/>\n<meta property=\"og:description\" content=\"Viimased kuus aastat on Valdeku ja P\u00e4\u00e4sk\u00fcla Noortekeskused kaasanud oma igap\u00e4evat\u00f6\u00f6sse v\u00e4lisvabatahtlikke, mis mitmekesistab noortekeskuse t\u00f6\u00f6d ja annab noortele v\u00f5imaluse erinevate kultuuridega tutvumiseks. Seni on meiega olnud v\u00e4lisvabatahtlikud Saksamaalt, Prantsusmaalt, Hispaaniast, Gruusiast, T\u00fcrgist, Ukrainast ja Itaaliast. V\u00e4lisvabatahtlikud saabuvad Euroopa Solidaarsuskorpuse (ESK) projekti raames Eestisse 11 kuuks ja osalevad selle aja jooksul m\u00f5ne endale huvipakkuva asutuse [&hellip;]\" \/>\n<meta property=\"og:url\" content=\"https:\/\/www.nomme.ee\/valdeku-noortekeskus\/noortekeskuses-toimus-valisvabatahtlik-enzo-teemanadal\/\" \/>\n<meta property=\"og:site_name\" content=\"Valdeku noortekeskus\" \/>\n<meta property=\"article:published_time\" content=\"2024-01-24T10:59:10+00:00\" \/>\n<meta property=\"article:modified_time\" content=\"2025-04-03T15:10:12+00:00\" \/>\n<meta property=\"og:image\" content=\"https:\/\/www.nomme.ee\/valdeku-noortekeskus\/wp-content\/uploads\/sites\/3\/2024\/01\/Enzos-Week.jpg\" \/>\n\t<meta property=\"og:image:width\" content=\"810\" \/>\n\t<meta property=\"og:image:height\" content=\"1080\" \/>\n\t<meta property=\"og:image:type\" content=\"image\/jpeg\" \/>\n<meta name=\"author\" content=\"kerttu\" \/>\n<meta name=\"twitter:card\" content=\"summary_large_image\" \/>\n<meta name=\"twitter:label1\" content=\"Written by\" \/>\n\t<meta name=\"twitter:data1\" content=\"kerttu\" \/>\n\t<meta name=\"twitter:label2\" content=\"Est. reading time\" \/>\n\t<meta name=\"twitter:data2\" content=\"2 minutit\" \/>\n<script type=\"application\/ld+json\" class=\"yoast-schema-graph\">{\"@context\":\"https:\\\/\\\/schema.org\",\"@graph\":[{\"@type\":\"Article\",\"@id\":\"https:\\\/\\\/www.nomme.ee\\\/valdeku-noortekeskus\\\/noortekeskuses-toimus-valisvabatahtlik-enzo-teemanadal\\\/#article\",\"isPartOf\":{\"@id\":\"https:\\\/\\\/www.nomme.ee\\\/valdeku-noortekeskus\\\/noortekeskuses-toimus-valisvabatahtlik-enzo-teemanadal\\\/\"},\"author\":{\"name\":\"kerttu\",\"@id\":\"https:\\\/\\\/www.nomme.ee\\\/valdeku-noortekeskus\\\/#\\\/schema\\\/person\\\/753300bcff272c78ca9d1631a43a97b8\"},\"headline\":\"Noortekeskuses toimus v\u00e4lisvabatahtlik Enzo teeman\u00e4dal\",\"datePublished\":\"2024-01-24T10:59:10+00:00\",\"dateModified\":\"2025-04-03T15:10:12+00:00\",\"mainEntityOfPage\":{\"@id\":\"https:\\\/\\\/www.nomme.ee\\\/valdeku-noortekeskus\\\/noortekeskuses-toimus-valisvabatahtlik-enzo-teemanadal\\\/\"},\"wordCount\":486,\"image\":{\"@id\":\"https:\\\/\\\/www.nomme.ee\\\/valdeku-noortekeskus\\\/noortekeskuses-toimus-valisvabatahtlik-enzo-teemanadal\\\/#primaryimage\"},\"thumbnailUrl\":\"https:\\\/\\\/www.nomme.ee\\\/valdeku-noortekeskus\\\/wp-content\\\/uploads\\\/sites\\\/3\\\/2024\\\/01\\\/Enzos-Week.jpg\",\"inLanguage\":\"et\"},{\"@type\":\"WebPage\",\"@id\":\"https:\\\/\\\/www.nomme.ee\\\/valdeku-noortekeskus\\\/noortekeskuses-toimus-valisvabatahtlik-enzo-teemanadal\\\/\",\"url\":\"https:\\\/\\\/www.nomme.ee\\\/valdeku-noortekeskus\\\/noortekeskuses-toimus-valisvabatahtlik-enzo-teemanadal\\\/\",\"name\":\"Noortekeskuses toimus v\u00e4lisvabatahtlik Enzo teeman\u00e4dal &#8211; Valdeku noortekeskus\",\"isPartOf\":{\"@id\":\"https:\\\/\\\/www.nomme.ee\\\/valdeku-noortekeskus\\\/#website\"},\"primaryImageOfPage\":{\"@id\":\"https:\\\/\\\/www.nomme.ee\\\/valdeku-noortekeskus\\\/noortekeskuses-toimus-valisvabatahtlik-enzo-teemanadal\\\/#primaryimage\"},\"image\":{\"@id\":\"https:\\\/\\\/www.nomme.ee\\\/valdeku-noortekeskus\\\/noortekeskuses-toimus-valisvabatahtlik-enzo-teemanadal\\\/#primaryimage\"},\"thumbnailUrl\":\"https:\\\/\\\/www.nomme.ee\\\/valdeku-noortekeskus\\\/wp-content\\\/uploads\\\/sites\\\/3\\\/2024\\\/01\\\/Enzos-Week.jpg\",\"datePublished\":\"2024-01-24T10:59:10+00:00\",\"dateModified\":\"2025-04-03T15:10:12+00:00\",\"author\":{\"@id\":\"https:\\\/\\\/www.nomme.ee\\\/valdeku-noortekeskus\\\/#\\\/schema\\\/person\\\/753300bcff272c78ca9d1631a43a97b8\"},\"breadcrumb\":{\"@id\":\"https:\\\/\\\/www.nomme.ee\\\/valdeku-noortekeskus\\\/noortekeskuses-toimus-valisvabatahtlik-enzo-teemanadal\\\/#breadcrumb\"},\"inLanguage\":\"et\",\"potentialAction\":[{\"@type\":\"ReadAction\",\"target\":[\"https:\\\/\\\/www.nomme.ee\\\/valdeku-noortekeskus\\\/noortekeskuses-toimus-valisvabatahtlik-enzo-teemanadal\\\/\"]}]},{\"@type\":\"ImageObject\",\"inLanguage\":\"et\",\"@id\":\"https:\\\/\\\/www.nomme.ee\\\/valdeku-noortekeskus\\\/noortekeskuses-toimus-valisvabatahtlik-enzo-teemanadal\\\/#primaryimage\",\"url\":\"https:\\\/\\\/www.nomme.ee\\\/valdeku-noortekeskus\\\/wp-content\\\/uploads\\\/sites\\\/3\\\/2024\\\/01\\\/Enzos-Week.jpg\",\"contentUrl\":\"https:\\\/\\\/www.nomme.ee\\\/valdeku-noortekeskus\\\/wp-content\\\/uploads\\\/sites\\\/3\\\/2024\\\/01\\\/Enzos-Week.jpg\",\"width\":810,\"height\":1080,\"caption\":\"Enzo's Week - 1\"},{\"@type\":\"BreadcrumbList\",\"@id\":\"https:\\\/\\\/www.nomme.ee\\\/valdeku-noortekeskus\\\/noortekeskuses-toimus-valisvabatahtlik-enzo-teemanadal\\\/#breadcrumb\",\"itemListElement\":[{\"@type\":\"ListItem\",\"position\":1,\"name\":\"N\u00f5mme Vaba Aja Keskus\",\"item\":\"https:\\\/\\\/www.nomme.ee\"},{\"@type\":\"ListItem\",\"position\":2,\"name\":\"Valdeku noortekeskus\",\"item\":\"https:\\\/\\\/www.nomme.ee\\\/valdeku-noortekeskus\\\/\"},{\"@type\":\"ListItem\",\"position\":3,\"name\":\"Noortekeskuses toimus v\u00e4lisvabatahtlik Enzo teeman\u00e4dal\"}]},{\"@type\":\"WebSite\",\"@id\":\"https:\\\/\\\/www.nomme.ee\\\/valdeku-noortekeskus\\\/#website\",\"url\":\"https:\\\/\\\/www.nomme.ee\\\/valdeku-noortekeskus\\\/\",\"name\":\"Valdeku noortekeskus\",\"description\":\"\",\"potentialAction\":[{\"@type\":\"SearchAction\",\"target\":{\"@type\":\"EntryPoint\",\"urlTemplate\":\"https:\\\/\\\/www.nomme.ee\\\/valdeku-noortekeskus\\\/?s={search_term_string}\"},\"query-input\":{\"@type\":\"PropertyValueSpecification\",\"valueRequired\":true,\"valueName\":\"search_term_string\"}}],\"inLanguage\":\"et\"},{\"@type\":\"Person\",\"@id\":\"https:\\\/\\\/www.nomme.ee\\\/valdeku-noortekeskus\\\/#\\\/schema\\\/person\\\/753300bcff272c78ca9d1631a43a97b8\",\"name\":\"kerttu\",\"image\":{\"@type\":\"ImageObject\",\"inLanguage\":\"et\",\"@id\":\"https:\\\/\\\/secure.gravatar.com\\\/avatar\\\/348f2fb70014fc2d0f38193838c9d13e8b24f962c5fe8d7e7f0d1a5b440d8aa4?s=96&d=mm&r=g\",\"url\":\"https:\\\/\\\/secure.gravatar.com\\\/avatar\\\/348f2fb70014fc2d0f38193838c9d13e8b24f962c5fe8d7e7f0d1a5b440d8aa4?s=96&d=mm&r=g\",\"contentUrl\":\"https:\\\/\\\/secure.gravatar.com\\\/avatar\\\/348f2fb70014fc2d0f38193838c9d13e8b24f962c5fe8d7e7f0d1a5b440d8aa4?s=96&d=mm&r=g\",\"caption\":\"kerttu\"}}]}<\/script>\n<!-- \/ Yoast SEO plugin. -->","yoast_head_json":{"title":"Noortekeskuses toimus v\u00e4lisvabatahtlik Enzo teeman\u00e4dal &#8211; Valdeku noortekeskus","robots":{"index":"index","follow":"follow","max-snippet":"max-snippet:-1","max-image-preview":"max-image-preview:large","max-video-preview":"max-video-preview:-1"},"canonical":"https:\/\/www.nomme.ee\/valdeku-noortekeskus\/noortekeskuses-toimus-valisvabatahtlik-enzo-teemanadal\/","og_locale":"et_EE","og_type":"article","og_title":"Noortekeskuses toimus v\u00e4lisvabatahtlik Enzo teeman\u00e4dal &#8211; Valdeku noortekeskus","og_description":"Viimased kuus aastat on Valdeku ja P\u00e4\u00e4sk\u00fcla Noortekeskused kaasanud oma igap\u00e4evat\u00f6\u00f6sse v\u00e4lisvabatahtlikke, mis mitmekesistab noortekeskuse t\u00f6\u00f6d ja annab noortele v\u00f5imaluse erinevate kultuuridega tutvumiseks. Seni on meiega olnud v\u00e4lisvabatahtlikud Saksamaalt, Prantsusmaalt, Hispaaniast, Gruusiast, T\u00fcrgist, Ukrainast ja Itaaliast. V\u00e4lisvabatahtlikud saabuvad Euroopa Solidaarsuskorpuse (ESK) projekti raames Eestisse 11 kuuks ja osalevad selle aja jooksul m\u00f5ne endale huvipakkuva asutuse [&hellip;]","og_url":"https:\/\/www.nomme.ee\/valdeku-noortekeskus\/noortekeskuses-toimus-valisvabatahtlik-enzo-teemanadal\/","og_site_name":"Valdeku noortekeskus","article_published_time":"2024-01-24T10:59:10+00:00","article_modified_time":"2025-04-03T15:10:12+00:00","og_image":[{"width":810,"height":1080,"url":"https:\/\/www.nomme.ee\/valdeku-noortekeskus\/wp-content\/uploads\/sites\/3\/2024\/01\/Enzos-Week.jpg","type":"image\/jpeg"}],"author":"kerttu","twitter_card":"summary_large_image","twitter_misc":{"Written by":"kerttu","Est. reading time":"2 minutit"},"schema":{"@context":"https:\/\/schema.org","@graph":[{"@type":"Article","@id":"https:\/\/www.nomme.ee\/valdeku-noortekeskus\/noortekeskuses-toimus-valisvabatahtlik-enzo-teemanadal\/#article","isPartOf":{"@id":"https:\/\/www.nomme.ee\/valdeku-noortekeskus\/noortekeskuses-toimus-valisvabatahtlik-enzo-teemanadal\/"},"author":{"name":"kerttu","@id":"https:\/\/www.nomme.ee\/valdeku-noortekeskus\/#\/schema\/person\/753300bcff272c78ca9d1631a43a97b8"},"headline":"Noortekeskuses toimus v\u00e4lisvabatahtlik Enzo teeman\u00e4dal","datePublished":"2024-01-24T10:59:10+00:00","dateModified":"2025-04-03T15:10:12+00:00","mainEntityOfPage":{"@id":"https:\/\/www.nomme.ee\/valdeku-noortekeskus\/noortekeskuses-toimus-valisvabatahtlik-enzo-teemanadal\/"},"wordCount":486,"image":{"@id":"https:\/\/www.nomme.ee\/valdeku-noortekeskus\/noortekeskuses-toimus-valisvabatahtlik-enzo-teemanadal\/#primaryimage"},"thumbnailUrl":"https:\/\/www.nomme.ee\/valdeku-noortekeskus\/wp-content\/uploads\/sites\/3\/2024\/01\/Enzos-Week.jpg","inLanguage":"et"},{"@type":"WebPage","@id":"https:\/\/www.nomme.ee\/valdeku-noortekeskus\/noortekeskuses-toimus-valisvabatahtlik-enzo-teemanadal\/","url":"https:\/\/www.nomme.ee\/valdeku-noortekeskus\/noortekeskuses-toimus-valisvabatahtlik-enzo-teemanadal\/","name":"Noortekeskuses toimus v\u00e4lisvabatahtlik Enzo teeman\u00e4dal &#8211; Valdeku noortekeskus","isPartOf":{"@id":"https:\/\/www.nomme.ee\/valdeku-noortekeskus\/#website"},"primaryImageOfPage":{"@id":"https:\/\/www.nomme.ee\/valdeku-noortekeskus\/noortekeskuses-toimus-valisvabatahtlik-enzo-teemanadal\/#primaryimage"},"image":{"@id":"https:\/\/www.nomme.ee\/valdeku-noortekeskus\/noortekeskuses-toimus-valisvabatahtlik-enzo-teemanadal\/#primaryimage"},"thumbnailUrl":"https:\/\/www.nomme.ee\/valdeku-noortekeskus\/wp-content\/uploads\/sites\/3\/2024\/01\/Enzos-Week.jpg","datePublished":"2024-01-24T10:59:10+00:00","dateModified":"2025-04-03T15:10:12+00:00","author":{"@id":"https:\/\/www.nomme.ee\/valdeku-noortekeskus\/#\/schema\/person\/753300bcff272c78ca9d1631a43a97b8"},"breadcrumb":{"@id":"https:\/\/www.nomme.ee\/valdeku-noortekeskus\/noortekeskuses-toimus-valisvabatahtlik-enzo-teemanadal\/#breadcrumb"},"inLanguage":"et","potentialAction":[{"@type":"ReadAction","target":["https:\/\/www.nomme.ee\/valdeku-noortekeskus\/noortekeskuses-toimus-valisvabatahtlik-enzo-teemanadal\/"]}]},{"@type":"ImageObject","inLanguage":"et","@id":"https:\/\/www.nomme.ee\/valdeku-noortekeskus\/noortekeskuses-toimus-valisvabatahtlik-enzo-teemanadal\/#primaryimage","url":"https:\/\/www.nomme.ee\/valdeku-noortekeskus\/wp-content\/uploads\/sites\/3\/2024\/01\/Enzos-Week.jpg","contentUrl":"https:\/\/www.nomme.ee\/valdeku-noortekeskus\/wp-content\/uploads\/sites\/3\/2024\/01\/Enzos-Week.jpg","width":810,"height":1080,"caption":"Enzo's Week - 1"},{"@type":"BreadcrumbList","@id":"https:\/\/www.nomme.ee\/valdeku-noortekeskus\/noortekeskuses-toimus-valisvabatahtlik-enzo-teemanadal\/#breadcrumb","itemListElement":[{"@type":"ListItem","position":1,"name":"N\u00f5mme Vaba Aja Keskus","item":"https:\/\/www.nomme.ee"},{"@type":"ListItem","position":2,"name":"Valdeku noortekeskus","item":"https:\/\/www.nomme.ee\/valdeku-noortekeskus\/"},{"@type":"ListItem","position":3,"name":"Noortekeskuses toimus v\u00e4lisvabatahtlik Enzo teeman\u00e4dal"}]},{"@type":"WebSite","@id":"https:\/\/www.nomme.ee\/valdeku-noortekeskus\/#website","url":"https:\/\/www.nomme.ee\/valdeku-noortekeskus\/","name":"Valdeku noortekeskus","description":"","potentialAction":[{"@type":"SearchAction","target":{"@type":"EntryPoint","urlTemplate":"https:\/\/www.nomme.ee\/valdeku-noortekeskus\/?s={search_term_string}"},"query-input":{"@type":"PropertyValueSpecification","valueRequired":true,"valueName":"search_term_string"}}],"inLanguage":"et"},{"@type":"Person","@id":"https:\/\/www.nomme.ee\/valdeku-noortekeskus\/#\/schema\/person\/753300bcff272c78ca9d1631a43a97b8","name":"kerttu","image":{"@type":"ImageObject","inLanguage":"et","@id":"https:\/\/secure.gravatar.com\/avatar\/348f2fb70014fc2d0f38193838c9d13e8b24f962c5fe8d7e7f0d1a5b440d8aa4?s=96&d=mm&r=g","url":"https:\/\/secure.gravatar.com\/avatar\/348f2fb70014fc2d0f38193838c9d13e8b24f962c5fe8d7e7f0d1a5b440d8aa4?s=96&d=mm&r=g","contentUrl":"https:\/\/secure.gravatar.com\/avatar\/348f2fb70014fc2d0f38193838c9d13e8b24f962c5fe8d7e7f0d1a5b440d8aa4?s=96&d=mm&r=g","caption":"kerttu"}}]}},"_links":{"self":[{"href":"https:\/\/www.nomme.ee\/valdeku-noortekeskus\/wp-json\/wp\/v2\/posts\/1126","targetHints":{"allow":["GET"]}}],"collection":[{"href":"https:\/\/www.nomme.ee\/valdeku-noortekeskus\/wp-json\/wp\/v2\/posts"}],"about":[{"href":"https:\/\/www.nomme.ee\/valdeku-noortekeskus\/wp-json\/wp\/v2\/types\/post"}],"author":[{"embeddable":true,"href":"https:\/\/www.nomme.ee\/valdeku-noortekeskus\/wp-json\/wp\/v2\/users\/16"}],"replies":[{"embeddable":true,"href":"https:\/\/www.nomme.ee\/valdeku-noortekeskus\/wp-json\/wp\/v2\/comments?post=1126"}],"version-history":[{"count":6,"href":"https:\/\/www.nomme.ee\/valdeku-noortekeskus\/wp-json\/wp\/v2\/posts\/1126\/revisions"}],"predecessor-version":[{"id":1134,"href":"https:\/\/www.nomme.ee\/valdeku-noortekeskus\/wp-json\/wp\/v2\/posts\/1126\/revisions\/1134"}],"wp:featuredmedia":[{"embeddable":true,"href":"https:\/\/www.nomme.ee\/valdeku-noortekeskus\/wp-json\/wp\/v2\/media\/1127"}],"wp:attachment":[{"href":"https:\/\/www.nomme.ee\/valdeku-noortekeskus\/wp-json\/wp\/v2\/media?parent=1126"}],"curies":[{"name":"wp","href":"https:\/\/api.w.org\/{rel}","templated":true}]}}