{"id":1285,"date":"2024-03-18T10:55:10","date_gmt":"2024-03-18T10:55:10","guid":{"rendered":"https:\/\/www.nomme.ee\/valdeku-noortekeskus\/?p=1285"},"modified":"2025-04-03T15:07:19","modified_gmt":"2025-04-03T15:07:19","slug":"valdeku-noortekeskus-on-kuulus","status":"publish","type":"post","link":"https:\/\/www.nomme.ee\/valdeku-noortekeskus\/valdeku-noortekeskus-on-kuulus\/","title":{"rendered":"Valdeku Noortekeskus on kuulus!"},"content":{"rendered":"<p>Meil on suur r\u00f5\u00f5m, et saade &#8220;Minu Tallinn&#8221; tuli meile k\u00fclla, et \u00fcldsusele noortekeskusi ja nende olemust tutvustada. Kaasa l\u00f5id Evely ja Kerttu ning m\u00f5ned meie noored. Leia tuttvad n\u00e4od \u00fcles ja vaata meie lugu j\u00e4rgi siin:<\/p>\n<figure class=\"video-container\"><iframe loading=\"lazy\" title=\"17.03.2024 - Elu v\u00e4ljsapool nutitelefoni on olemas\" width=\"500\" height=\"281\" src=\"https:\/\/www.youtube.com\/embed\/cwi0R3W6gso?feature=oembed\" frameborder=\"0\" allow=\"accelerometer; autoplay; clipboard-write; encrypted-media; gyroscope; picture-in-picture; web-share\" referrerpolicy=\"strict-origin-when-cross-origin\" allowfullscreen><\/iframe><\/figure>\n","protected":false},"excerpt":{"rendered":"<p>Meil on suur r\u00f5\u00f5m, et saade &#8220;Minu Tallinn&#8221; tuli meile k\u00fclla, et \u00fcldsusele noortekeskusi ja nende olemust tutvustada. Kaasa l\u00f5id Evely ja Kerttu ning m\u00f5ned meie noored. Leia tuttvad n\u00e4od \u00fcles ja vaata meie lugu j\u00e4rgi siin:<\/p>\n","protected":false},"author":13,"featured_media":1287,"comment_status":"closed","ping_status":"open","sticky":false,"template":"","format":"standard","meta":{"_acf_changed":false,"footnotes":""},"class_list":["post-1285","post","type-post","status-publish","format-standard","has-post-thumbnail","hentry"],"acf":[],"yoast_head":"<!-- This site is optimized with the Yoast SEO plugin v27.5 - https:\/\/yoast.com\/product\/yoast-seo-wordpress\/ -->\n<title>Valdeku Noortekeskus on kuulus! &#8211; Valdeku noortekeskus<\/title>\n<meta name=\"robots\" content=\"index, follow, max-snippet:-1, max-image-preview:large, max-video-preview:-1\" \/>\n<link rel=\"canonical\" href=\"https:\/\/www.nomme.ee\/valdeku-noortekeskus\/valdeku-noortekeskus-on-kuulus\/\" \/>\n<meta property=\"og:locale\" content=\"et_EE\" \/>\n<meta property=\"og:type\" content=\"article\" \/>\n<meta property=\"og:title\" content=\"Valdeku Noortekeskus on kuulus! &#8211; Valdeku noortekeskus\" \/>\n<meta property=\"og:description\" content=\"Meil on suur r\u00f5\u00f5m, et saade &#8220;Minu Tallinn&#8221; tuli meile k\u00fclla, et \u00fcldsusele noortekeskusi ja nende olemust tutvustada. Kaasa l\u00f5id Evely ja Kerttu ning m\u00f5ned meie noored. Leia tuttvad n\u00e4od \u00fcles ja vaata meie lugu j\u00e4rgi siin:\" \/>\n<meta property=\"og:url\" content=\"https:\/\/www.nomme.ee\/valdeku-noortekeskus\/valdeku-noortekeskus-on-kuulus\/\" \/>\n<meta property=\"og:site_name\" content=\"Valdeku noortekeskus\" \/>\n<meta property=\"article:published_time\" content=\"2024-03-18T10:55:10+00:00\" \/>\n<meta property=\"article:modified_time\" content=\"2025-04-03T15:07:19+00:00\" \/>\n<meta property=\"og:image\" content=\"https:\/\/www.nomme.ee\/valdeku-noortekeskus\/wp-content\/uploads\/sites\/3\/2024\/03\/Screenshot_18-3-2024_125450_drive.google.com_.jpeg\" \/>\n\t<meta property=\"og:image:width\" content=\"638\" \/>\n\t<meta property=\"og:image:height\" content=\"854\" \/>\n\t<meta property=\"og:image:type\" content=\"image\/jpeg\" \/>\n<meta name=\"author\" content=\"evely\" \/>\n<meta name=\"twitter:card\" content=\"summary_large_image\" \/>\n<meta name=\"twitter:label1\" content=\"Written by\" \/>\n\t<meta name=\"twitter:data1\" content=\"evely\" \/>\n\t<meta name=\"twitter:label2\" content=\"Est. reading time\" \/>\n\t<meta name=\"twitter:data2\" content=\"1 minut\" \/>\n<script type=\"application\/ld+json\" class=\"yoast-schema-graph\">{\"@context\":\"https:\\\/\\\/schema.org\",\"@graph\":[{\"@type\":\"Article\",\"@id\":\"https:\\\/\\\/www.nomme.ee\\\/valdeku-noortekeskus\\\/valdeku-noortekeskus-on-kuulus\\\/#article\",\"isPartOf\":{\"@id\":\"https:\\\/\\\/www.nomme.ee\\\/valdeku-noortekeskus\\\/valdeku-noortekeskus-on-kuulus\\\/\"},\"author\":{\"name\":\"evely\",\"@id\":\"https:\\\/\\\/www.nomme.ee\\\/valdeku-noortekeskus\\\/#\\\/schema\\\/person\\\/6f7e185fd2e8a2f1334d20f6045b57d1\"},\"headline\":\"Valdeku Noortekeskus on kuulus!\",\"datePublished\":\"2024-03-18T10:55:10+00:00\",\"dateModified\":\"2025-04-03T15:07:19+00:00\",\"mainEntityOfPage\":{\"@id\":\"https:\\\/\\\/www.nomme.ee\\\/valdeku-noortekeskus\\\/valdeku-noortekeskus-on-kuulus\\\/\"},\"wordCount\":57,\"image\":{\"@id\":\"https:\\\/\\\/www.nomme.ee\\\/valdeku-noortekeskus\\\/valdeku-noortekeskus-on-kuulus\\\/#primaryimage\"},\"thumbnailUrl\":\"https:\\\/\\\/www.nomme.ee\\\/valdeku-noortekeskus\\\/wp-content\\\/uploads\\\/sites\\\/3\\\/2024\\\/03\\\/Screenshot_18-3-2024_125450_drive.google.com_.jpeg\",\"inLanguage\":\"et\"},{\"@type\":\"WebPage\",\"@id\":\"https:\\\/\\\/www.nomme.ee\\\/valdeku-noortekeskus\\\/valdeku-noortekeskus-on-kuulus\\\/\",\"url\":\"https:\\\/\\\/www.nomme.ee\\\/valdeku-noortekeskus\\\/valdeku-noortekeskus-on-kuulus\\\/\",\"name\":\"Valdeku Noortekeskus on kuulus! &#8211; Valdeku noortekeskus\",\"isPartOf\":{\"@id\":\"https:\\\/\\\/www.nomme.ee\\\/valdeku-noortekeskus\\\/#website\"},\"primaryImageOfPage\":{\"@id\":\"https:\\\/\\\/www.nomme.ee\\\/valdeku-noortekeskus\\\/valdeku-noortekeskus-on-kuulus\\\/#primaryimage\"},\"image\":{\"@id\":\"https:\\\/\\\/www.nomme.ee\\\/valdeku-noortekeskus\\\/valdeku-noortekeskus-on-kuulus\\\/#primaryimage\"},\"thumbnailUrl\":\"https:\\\/\\\/www.nomme.ee\\\/valdeku-noortekeskus\\\/wp-content\\\/uploads\\\/sites\\\/3\\\/2024\\\/03\\\/Screenshot_18-3-2024_125450_drive.google.com_.jpeg\",\"datePublished\":\"2024-03-18T10:55:10+00:00\",\"dateModified\":\"2025-04-03T15:07:19+00:00\",\"author\":{\"@id\":\"https:\\\/\\\/www.nomme.ee\\\/valdeku-noortekeskus\\\/#\\\/schema\\\/person\\\/6f7e185fd2e8a2f1334d20f6045b57d1\"},\"breadcrumb\":{\"@id\":\"https:\\\/\\\/www.nomme.ee\\\/valdeku-noortekeskus\\\/valdeku-noortekeskus-on-kuulus\\\/#breadcrumb\"},\"inLanguage\":\"et\",\"potentialAction\":[{\"@type\":\"ReadAction\",\"target\":[\"https:\\\/\\\/www.nomme.ee\\\/valdeku-noortekeskus\\\/valdeku-noortekeskus-on-kuulus\\\/\"]}]},{\"@type\":\"ImageObject\",\"inLanguage\":\"et\",\"@id\":\"https:\\\/\\\/www.nomme.ee\\\/valdeku-noortekeskus\\\/valdeku-noortekeskus-on-kuulus\\\/#primaryimage\",\"url\":\"https:\\\/\\\/www.nomme.ee\\\/valdeku-noortekeskus\\\/wp-content\\\/uploads\\\/sites\\\/3\\\/2024\\\/03\\\/Screenshot_18-3-2024_125450_drive.google.com_.jpeg\",\"contentUrl\":\"https:\\\/\\\/www.nomme.ee\\\/valdeku-noortekeskus\\\/wp-content\\\/uploads\\\/sites\\\/3\\\/2024\\\/03\\\/Screenshot_18-3-2024_125450_drive.google.com_.jpeg\",\"width\":638,\"height\":854},{\"@type\":\"BreadcrumbList\",\"@id\":\"https:\\\/\\\/www.nomme.ee\\\/valdeku-noortekeskus\\\/valdeku-noortekeskus-on-kuulus\\\/#breadcrumb\",\"itemListElement\":[{\"@type\":\"ListItem\",\"position\":1,\"name\":\"N\u00f5mme Vaba Aja Keskus\",\"item\":\"https:\\\/\\\/www.nomme.ee\"},{\"@type\":\"ListItem\",\"position\":2,\"name\":\"Valdeku noortekeskus\",\"item\":\"https:\\\/\\\/www.nomme.ee\\\/valdeku-noortekeskus\\\/\"},{\"@type\":\"ListItem\",\"position\":3,\"name\":\"Valdeku Noortekeskus on kuulus!\"}]},{\"@type\":\"WebSite\",\"@id\":\"https:\\\/\\\/www.nomme.ee\\\/valdeku-noortekeskus\\\/#website\",\"url\":\"https:\\\/\\\/www.nomme.ee\\\/valdeku-noortekeskus\\\/\",\"name\":\"Valdeku noortekeskus\",\"description\":\"\",\"potentialAction\":[{\"@type\":\"SearchAction\",\"target\":{\"@type\":\"EntryPoint\",\"urlTemplate\":\"https:\\\/\\\/www.nomme.ee\\\/valdeku-noortekeskus\\\/?s={search_term_string}\"},\"query-input\":{\"@type\":\"PropertyValueSpecification\",\"valueRequired\":true,\"valueName\":\"search_term_string\"}}],\"inLanguage\":\"et\"},{\"@type\":\"Person\",\"@id\":\"https:\\\/\\\/www.nomme.ee\\\/valdeku-noortekeskus\\\/#\\\/schema\\\/person\\\/6f7e185fd2e8a2f1334d20f6045b57d1\",\"name\":\"evely\",\"image\":{\"@type\":\"ImageObject\",\"inLanguage\":\"et\",\"@id\":\"https:\\\/\\\/secure.gravatar.com\\\/avatar\\\/078c31344894356ce0a57060da9c9bd4504cb0152d7670f30a9253ac111bfd4f?s=96&d=mm&r=g\",\"url\":\"https:\\\/\\\/secure.gravatar.com\\\/avatar\\\/078c31344894356ce0a57060da9c9bd4504cb0152d7670f30a9253ac111bfd4f?s=96&d=mm&r=g\",\"contentUrl\":\"https:\\\/\\\/secure.gravatar.com\\\/avatar\\\/078c31344894356ce0a57060da9c9bd4504cb0152d7670f30a9253ac111bfd4f?s=96&d=mm&r=g\",\"caption\":\"evely\"}}]}<\/script>\n<!-- \/ Yoast SEO plugin. -->","yoast_head_json":{"title":"Valdeku Noortekeskus on kuulus! &#8211; Valdeku noortekeskus","robots":{"index":"index","follow":"follow","max-snippet":"max-snippet:-1","max-image-preview":"max-image-preview:large","max-video-preview":"max-video-preview:-1"},"canonical":"https:\/\/www.nomme.ee\/valdeku-noortekeskus\/valdeku-noortekeskus-on-kuulus\/","og_locale":"et_EE","og_type":"article","og_title":"Valdeku Noortekeskus on kuulus! &#8211; Valdeku noortekeskus","og_description":"Meil on suur r\u00f5\u00f5m, et saade &#8220;Minu Tallinn&#8221; tuli meile k\u00fclla, et \u00fcldsusele noortekeskusi ja nende olemust tutvustada. Kaasa l\u00f5id Evely ja Kerttu ning m\u00f5ned meie noored. Leia tuttvad n\u00e4od \u00fcles ja vaata meie lugu j\u00e4rgi siin:","og_url":"https:\/\/www.nomme.ee\/valdeku-noortekeskus\/valdeku-noortekeskus-on-kuulus\/","og_site_name":"Valdeku noortekeskus","article_published_time":"2024-03-18T10:55:10+00:00","article_modified_time":"2025-04-03T15:07:19+00:00","og_image":[{"width":638,"height":854,"url":"https:\/\/www.nomme.ee\/valdeku-noortekeskus\/wp-content\/uploads\/sites\/3\/2024\/03\/Screenshot_18-3-2024_125450_drive.google.com_.jpeg","type":"image\/jpeg"}],"author":"evely","twitter_card":"summary_large_image","twitter_misc":{"Written by":"evely","Est. reading time":"1 minut"},"schema":{"@context":"https:\/\/schema.org","@graph":[{"@type":"Article","@id":"https:\/\/www.nomme.ee\/valdeku-noortekeskus\/valdeku-noortekeskus-on-kuulus\/#article","isPartOf":{"@id":"https:\/\/www.nomme.ee\/valdeku-noortekeskus\/valdeku-noortekeskus-on-kuulus\/"},"author":{"name":"evely","@id":"https:\/\/www.nomme.ee\/valdeku-noortekeskus\/#\/schema\/person\/6f7e185fd2e8a2f1334d20f6045b57d1"},"headline":"Valdeku Noortekeskus on kuulus!","datePublished":"2024-03-18T10:55:10+00:00","dateModified":"2025-04-03T15:07:19+00:00","mainEntityOfPage":{"@id":"https:\/\/www.nomme.ee\/valdeku-noortekeskus\/valdeku-noortekeskus-on-kuulus\/"},"wordCount":57,"image":{"@id":"https:\/\/www.nomme.ee\/valdeku-noortekeskus\/valdeku-noortekeskus-on-kuulus\/#primaryimage"},"thumbnailUrl":"https:\/\/www.nomme.ee\/valdeku-noortekeskus\/wp-content\/uploads\/sites\/3\/2024\/03\/Screenshot_18-3-2024_125450_drive.google.com_.jpeg","inLanguage":"et"},{"@type":"WebPage","@id":"https:\/\/www.nomme.ee\/valdeku-noortekeskus\/valdeku-noortekeskus-on-kuulus\/","url":"https:\/\/www.nomme.ee\/valdeku-noortekeskus\/valdeku-noortekeskus-on-kuulus\/","name":"Valdeku Noortekeskus on kuulus! &#8211; Valdeku noortekeskus","isPartOf":{"@id":"https:\/\/www.nomme.ee\/valdeku-noortekeskus\/#website"},"primaryImageOfPage":{"@id":"https:\/\/www.nomme.ee\/valdeku-noortekeskus\/valdeku-noortekeskus-on-kuulus\/#primaryimage"},"image":{"@id":"https:\/\/www.nomme.ee\/valdeku-noortekeskus\/valdeku-noortekeskus-on-kuulus\/#primaryimage"},"thumbnailUrl":"https:\/\/www.nomme.ee\/valdeku-noortekeskus\/wp-content\/uploads\/sites\/3\/2024\/03\/Screenshot_18-3-2024_125450_drive.google.com_.jpeg","datePublished":"2024-03-18T10:55:10+00:00","dateModified":"2025-04-03T15:07:19+00:00","author":{"@id":"https:\/\/www.nomme.ee\/valdeku-noortekeskus\/#\/schema\/person\/6f7e185fd2e8a2f1334d20f6045b57d1"},"breadcrumb":{"@id":"https:\/\/www.nomme.ee\/valdeku-noortekeskus\/valdeku-noortekeskus-on-kuulus\/#breadcrumb"},"inLanguage":"et","potentialAction":[{"@type":"ReadAction","target":["https:\/\/www.nomme.ee\/valdeku-noortekeskus\/valdeku-noortekeskus-on-kuulus\/"]}]},{"@type":"ImageObject","inLanguage":"et","@id":"https:\/\/www.nomme.ee\/valdeku-noortekeskus\/valdeku-noortekeskus-on-kuulus\/#primaryimage","url":"https:\/\/www.nomme.ee\/valdeku-noortekeskus\/wp-content\/uploads\/sites\/3\/2024\/03\/Screenshot_18-3-2024_125450_drive.google.com_.jpeg","contentUrl":"https:\/\/www.nomme.ee\/valdeku-noortekeskus\/wp-content\/uploads\/sites\/3\/2024\/03\/Screenshot_18-3-2024_125450_drive.google.com_.jpeg","width":638,"height":854},{"@type":"BreadcrumbList","@id":"https:\/\/www.nomme.ee\/valdeku-noortekeskus\/valdeku-noortekeskus-on-kuulus\/#breadcrumb","itemListElement":[{"@type":"ListItem","position":1,"name":"N\u00f5mme Vaba Aja Keskus","item":"https:\/\/www.nomme.ee"},{"@type":"ListItem","position":2,"name":"Valdeku noortekeskus","item":"https:\/\/www.nomme.ee\/valdeku-noortekeskus\/"},{"@type":"ListItem","position":3,"name":"Valdeku Noortekeskus on kuulus!"}]},{"@type":"WebSite","@id":"https:\/\/www.nomme.ee\/valdeku-noortekeskus\/#website","url":"https:\/\/www.nomme.ee\/valdeku-noortekeskus\/","name":"Valdeku noortekeskus","description":"","potentialAction":[{"@type":"SearchAction","target":{"@type":"EntryPoint","urlTemplate":"https:\/\/www.nomme.ee\/valdeku-noortekeskus\/?s={search_term_string}"},"query-input":{"@type":"PropertyValueSpecification","valueRequired":true,"valueName":"search_term_string"}}],"inLanguage":"et"},{"@type":"Person","@id":"https:\/\/www.nomme.ee\/valdeku-noortekeskus\/#\/schema\/person\/6f7e185fd2e8a2f1334d20f6045b57d1","name":"evely","image":{"@type":"ImageObject","inLanguage":"et","@id":"https:\/\/secure.gravatar.com\/avatar\/078c31344894356ce0a57060da9c9bd4504cb0152d7670f30a9253ac111bfd4f?s=96&d=mm&r=g","url":"https:\/\/secure.gravatar.com\/avatar\/078c31344894356ce0a57060da9c9bd4504cb0152d7670f30a9253ac111bfd4f?s=96&d=mm&r=g","contentUrl":"https:\/\/secure.gravatar.com\/avatar\/078c31344894356ce0a57060da9c9bd4504cb0152d7670f30a9253ac111bfd4f?s=96&d=mm&r=g","caption":"evely"}}]}},"_links":{"self":[{"href":"https:\/\/www.nomme.ee\/valdeku-noortekeskus\/wp-json\/wp\/v2\/posts\/1285","targetHints":{"allow":["GET"]}}],"collection":[{"href":"https:\/\/www.nomme.ee\/valdeku-noortekeskus\/wp-json\/wp\/v2\/posts"}],"about":[{"href":"https:\/\/www.nomme.ee\/valdeku-noortekeskus\/wp-json\/wp\/v2\/types\/post"}],"author":[{"embeddable":true,"href":"https:\/\/www.nomme.ee\/valdeku-noortekeskus\/wp-json\/wp\/v2\/users\/13"}],"replies":[{"embeddable":true,"href":"https:\/\/www.nomme.ee\/valdeku-noortekeskus\/wp-json\/wp\/v2\/comments?post=1285"}],"version-history":[{"count":1,"href":"https:\/\/www.nomme.ee\/valdeku-noortekeskus\/wp-json\/wp\/v2\/posts\/1285\/revisions"}],"predecessor-version":[{"id":1286,"href":"https:\/\/www.nomme.ee\/valdeku-noortekeskus\/wp-json\/wp\/v2\/posts\/1285\/revisions\/1286"}],"wp:featuredmedia":[{"embeddable":true,"href":"https:\/\/www.nomme.ee\/valdeku-noortekeskus\/wp-json\/wp\/v2\/media\/1287"}],"wp:attachment":[{"href":"https:\/\/www.nomme.ee\/valdeku-noortekeskus\/wp-json\/wp\/v2\/media?parent=1285"}],"curies":[{"name":"wp","href":"https:\/\/api.w.org\/{rel}","templated":true}]}}