{"id":1329,"date":"2024-04-08T11:29:09","date_gmt":"2024-04-08T11:29:09","guid":{"rendered":"https:\/\/www.nomme.ee\/valdeku-noortekeskus\/?p=1329"},"modified":"2025-04-03T15:06:54","modified_gmt":"2025-04-03T15:06:54","slug":"palju-onne-noorsootootaja-kerttu","status":"publish","type":"post","link":"https:\/\/www.nomme.ee\/valdeku-noortekeskus\/palju-onne-noorsootootaja-kerttu\/","title":{"rendered":"Palju \u00f5nne noorsoot\u00f6\u00f6taja Kerttu!"},"content":{"rendered":"<p><span data-contrast=\"auto\">Meie hea Kerttu p\u00e4lvis veebruaris \u00e4ram\u00e4rkimise Tallinna noorsoot\u00f6\u00f6 tunnustuss\u00fcndmusel \u201cSuured Teod 2023\u201d aasta noorsoot\u00f6\u00f6taja kategoorias.\u00a0<\/span><span data-ccp-props=\"{}\">\u00a0<\/span><\/p>\n<p><span data-contrast=\"auto\">Esitasime ta konkursile, sest Kerttu on silmapaistev noorsoot\u00f6\u00f6taja, kes lisaks ametialaste kohustuste t\u00e4itmisele on aktiivne panustaja noorsoot\u00f6\u00f6s laiemalt, toetades N\u00f5mme (ja Tallinna ning \u00fcle kogu Eesti) kogukonna arengut ning edendades noorte valdkonna professionaalset kasvu. Aastasse 2023 on Kerttu suutnud oskuslikult p\u00f5imida keskkonnahoiu, mitmekesisuse ja vaimse tervise toetamise teemad, tuues samal ajal olulisi tulemusi Valdeku Noortekeskusele. Ta on v\u00f5tnud initsiatiivi erinevates \u00fclesannetes, aidates seel\u00e4bi v\u00e4hendada kaast\u00f6\u00f6tajate t\u00f6\u00f6koormust ja n\u00e4idata end mitmest k\u00fcljest.<\/span><span data-ccp-props=\"{}\">\u00a0<\/span><\/p>\n<p><span data-contrast=\"auto\">Laseme tal ennast ise tutvustada ja saame temaga paremini tuttavaks!<\/span><span data-ccp-props=\"{}\">\u00a0<\/span><\/p>\n<ol>\n<li data-leveltext=\"%1.\" data-font=\"Arial\" data-listid=\"1\" data-list-defn-props=\"{&quot;335552541&quot;:0,&quot;335559683&quot;:0,&quot;335559685&quot;:720,&quot;335559991&quot;:360,&quot;469769242&quot;:[65533,0],&quot;469777803&quot;:&quot;left&quot;,&quot;469777804&quot;:&quot;%1.&quot;,&quot;469777815&quot;:&quot;hybridMultilevel&quot;}\" data-aria-posinset=\"1\" data-aria-level=\"1\"><span data-contrast=\"none\">P\u00e4lvisid nii olulise tunnustuse! Palju \u00f5nne! Mida tunnustus Sinu jaoks t\u00e4hendab ja m\u00e4rgib?<\/span><span data-ccp-props=\"{}\">\u00a0<\/span><\/li>\n<\/ol>\n<p><span data-contrast=\"none\">Suur ait\u00e4h heade soovide eest! Tallinna linna noorsoot\u00f6\u00f6s nii olulisel s\u00fcndmusel \u00e4ram\u00e4rgituks saamine on kindlasti suur au ja kinnitab minu jaoks seda, et olen oma noorsoot\u00f6\u00f6 teekonnal \u00f5iges suunas liikumas. Olles valdkonnas ikka v\u00f5rdlemisi uus, on v\u00e4ga kerge tulema v\u00f5rdlus teiste pikemaajaliste spetsialistidega, kuid pean auga tunnistama, et 2,5 aasta jooksul on palju \u00e4ra tehtud ja kindlasti veel palju rohkem ees.<\/span><span data-ccp-props=\"{&quot;335551550&quot;:6,&quot;335551620&quot;:6,&quot;335559685&quot;:0}\">\u00a0<\/span><\/p>\n<ol>\n<li data-leveltext=\"%1.\" data-font=\"Arial\" data-listid=\"1\" data-list-defn-props=\"{&quot;335552541&quot;:0,&quot;335559683&quot;:0,&quot;335559685&quot;:720,&quot;335559991&quot;:360,&quot;469769242&quot;:[65533,0],&quot;469777803&quot;:&quot;left&quot;,&quot;469777804&quot;:&quot;%1.&quot;,&quot;469777815&quot;:&quot;hybridMultilevel&quot;}\" data-aria-posinset=\"2\" data-aria-level=\"1\"><span data-contrast=\"none\">Jaga endast v\u00e4hemalt 3 Sinu jaoks k\u00f5ige olulisemat ja erilisemat fakti, mida aasta noorsoot\u00f6\u00f6tajana \u00e4ram\u00e4rgitu kohta selle intervjuu lugeja teada v\u00f5iks.<\/span><span data-ccp-props=\"{}\">\u00a0<\/span><\/li>\n<\/ol>\n<p><span data-contrast=\"auto\">Olen tohutult halb selliste faktide v\u00e4lja m\u00f5tleja, \u00e4kki on kaaskolleegidel hoopis midagi mida nad tahaksid minu kohta v\u00e4lja tuua?<\/span><span data-ccp-props=\"{}\">\u00a0<\/span><\/p>\n<p><span data-contrast=\"auto\">Saab tehtud!<\/span><span data-ccp-props=\"{}\">\u00a0<\/span><\/p>\n<p><span data-contrast=\"auto\">Asso: Kerttu on v\u00e4ga p\u00fchendunud vormelivaataja ja v\u00f5ib selle nimel ka kasv\u00f5i keset \u00f6\u00f6d \u00fcles \u00e4rgata. Kerttu on hea sulgpallim\u00e4ngija, tema rabaku l\u00f6\u00f6ki enamasti k\u00e4tte ei saa. Kerttu on kindlasti k\u00f5ige suurem Muumide f\u00e4nn, keda ma tean.<\/span><span data-ccp-props=\"{}\">\u00a0<\/span><\/p>\n<p><span data-contrast=\"auto\">Roula: I know that Kerttu has a great passion and appreciation for han<\/span><span data-contrast=\"auto\">dmade things. Especially jewelry and items that are created by small artists and sellers. In terms of youth work, I believe that kerttu is brilliant in delivering youth information and making sure our message as a youth center (and us as youth workers too) is delivered in a nice and thought through manner.<\/span><span data-ccp-props=\"{}\">\u00a0<\/span><\/p>\n<p><span data-contrast=\"auto\">Evely: Kerttu oskab h\u00e4sti k\u00fcpsetada. Tal on oma juuretis ja kui aega on, siis ta teeb hapusaia. Noortega koos on ta ka vastlatel kukleid k\u00fcpsetanud ja kaneelirulle teinud. K\u00fcpsetiste k\u00f5rval on Kerttu v\u00e4ga hea kuulaja ja peegeldaja. Ta j\u00e4tab asju p\u00e4riselt meelde ja l\u00e4htub nendest edaspidi.<\/span><span data-ccp-props=\"{}\">\u00a0<\/span><\/p>\n<p><span data-contrast=\"auto\">Enzo: Kerttu is the biggest reader and the biggest fan of formula 1 that i know. A really cool mix because in the same discussion we can talk about her favorite writer and switch to Lewis Hamilton instantly. Kerttu is also the best tutor because she feeds me a lot &lt;3<\/span><span data-ccp-props=\"{}\">\u00a0<\/span><\/p>\n<ol>\n<li data-leveltext=\"%1.\" data-font=\"Arial\" data-listid=\"1\" data-list-defn-props=\"{&quot;335552541&quot;:0,&quot;335559683&quot;:0,&quot;335559685&quot;:720,&quot;335559991&quot;:360,&quot;469769242&quot;:[65533,0],&quot;469777803&quot;:&quot;left&quot;,&quot;469777804&quot;:&quot;%1.&quot;,&quot;469777815&quot;:&quot;hybridMultilevel&quot;}\" data-aria-posinset=\"3\" data-aria-level=\"1\"><span data-contrast=\"none\">Milline noor sina olid? Milliseid \u00e4ratundmishetki leiad noortekeskuse noortes ja mis on oluliselt muutunud?<\/span><span data-ccp-props=\"{}\">\u00a0<\/span><\/li>\n<\/ol>\n<p><span data-contrast=\"none\">Ise olin (v\u00e4hemalt oma m\u00e4letamist m\u00f6\u00f6da) pigem tagasihoidlikum ja vaiksem noor. Olin hea \u00f5ppija, lugesin v\u00e4ga palju ja tegelesin erinevate hobide ja huvidega. Noortekeskuste olemasolust n\u00e4iteks ei teadnud ma nooremas eas mitte midagi. T\u00e4nastes noortes leian kindlasti \u00e4ratundmishetki, sest noorte mured ja hirmud on ikka samad, mis olid ka minul kuid samas n\u00e4en, et t\u00e4nastel noortel on palju keerulisem noor olla, kui oli minul. \u00dchiskonna surve ja ebainimlikult kiire areng paneb t\u00e4nastele noortele peale pinge, mida mina sama vanalt veel tundma ei pidanud. Samas leian, et t\u00e4nased noored on palju teadlikumad erinevatest v\u00f5imalustest ja aktiivsemad nendest kinni haarama.<\/span><span data-ccp-props=\"{&quot;335551550&quot;:6,&quot;335551620&quot;:6}\">\u00a0<\/span><\/p>\n<ol>\n<li data-leveltext=\"%1.\" data-font=\"Arial\" data-listid=\"1\" data-list-defn-props=\"{&quot;335552541&quot;:0,&quot;335559683&quot;:0,&quot;335559685&quot;:720,&quot;335559991&quot;:360,&quot;469769242&quot;:[65533,0],&quot;469777803&quot;:&quot;left&quot;,&quot;469777804&quot;:&quot;%1.&quot;,&quot;469777815&quot;:&quot;hybridMultilevel&quot;}\" data-aria-posinset=\"4\" data-aria-level=\"1\"><span data-contrast=\"none\">Miks tuled igap\u00e4ev t\u00f6\u00f6le tagasi? Mis hoiab sind noortevaldkonnas?<\/span><span data-ccp-props=\"{&quot;134233117&quot;:false,&quot;134233118&quot;:false,&quot;201341983&quot;:0,&quot;335551550&quot;:1,&quot;335551620&quot;:1,&quot;335559685&quot;:720,&quot;335559737&quot;:0,&quot;335559738&quot;:0,&quot;335559739&quot;:160,&quot;335559740&quot;:259,&quot;335559991&quot;:360}\">\u00a0<\/span><\/li>\n<\/ol>\n<p><span data-contrast=\"none\">Igap\u00e4evaselt toob mind t\u00f6\u00f6le tagasi minu tiim, kes on olnud minu k\u00f5rval esimesest p\u00e4evast peale, mil noorsoot\u00f6\u00f6 valdkonda astusin. Just need inimesed on minu jaoks m\u00e4nginud k\u00f5ige suuremat rolli selles, et olen t\u00e4naseks kujunenud selliseks noorsoot\u00f6\u00f6tajaks nagu ma olen. Noortevaldkonnas hoiab mind tugev soov olla noorte jaoks olemas ja pakkuda neile v\u00f5imalusi, et nad saaksid oma soove ja unistusi t\u00e4ita kohe praegu, mitte siis kui nad \u201ckunagi suureks saavad\u201d. Noored kannavad endaga kaasas tohutul hulgal energiat ja entusiasmi, mida tuleb ainult osata \u00f5igel hetkel suunata. Samuti leian, et eesti noortevaldkonnas on koos v\u00e4ga palju \u00e4gedaid inimesi, kellelt on mul nii palju \u00f5ppida ja kellega koost\u00f6\u00f6 tegemine on suur au ja arenguv\u00f5imalus.<\/span><span data-ccp-props=\"{&quot;335551550&quot;:6,&quot;335551620&quot;:6}\">\u00a0<\/span><\/p>\n<ol>\n<li data-leveltext=\"%1.\" data-font=\"Arial\" data-listid=\"1\" data-list-defn-props=\"{&quot;335552541&quot;:0,&quot;335559683&quot;:0,&quot;335559685&quot;:720,&quot;335559991&quot;:360,&quot;469769242&quot;:[65533,0],&quot;469777803&quot;:&quot;left&quot;,&quot;469777804&quot;:&quot;%1.&quot;,&quot;469777815&quot;:&quot;hybridMultilevel&quot;}\" data-aria-posinset=\"5\" data-aria-level=\"1\"><span data-contrast=\"none\">Mis on sinu missioon igap\u00e4evases t\u00f6\u00f6s? Mis on su pikemaajalisem plaan?<\/span><span data-ccp-props=\"{}\">\u00a0<\/span><\/li>\n<\/ol>\n<p><span data-contrast=\"none\">Minu missioon igap\u00e4evases t\u00f6\u00f6s on olla see t\u00e4iskasvanu, kelle juurde noored tahavad ja julgevad tulla. \u00dcksk\u00f5ik, kas selle p\u00f5hjuseks on mure, mingi soov v\u00f5i lihtsalt tahe juttu ajada. Tekitada noorele tunne, et olen tema jaoks olemas ja ei m\u00f5ista teda hukka, vaid p\u00e4riselt kuulan, toetan ja vajadusel abistan. Pikemaajalises perspektiivis n\u00e4en ennast tegutsemas rahvusvahelises noorsoot\u00f6\u00f6s, sest t\u00e4nu erinevatele v\u00f5imalustele olen saanud aru, et just see on osa noorsoot\u00f6\u00f6st, mis minu silma eriti s\u00e4rama l\u00f6\u00f6b. Samuti tahaksin leida viise, kuidas meie noortekeskuse keskkonda ka vanematele noortele avatumaks ja atraktiivsemaks teha, kellel selliseks kohaks tegelikkuses vajadus ja soov on.<\/span><span data-ccp-props=\"{&quot;335551550&quot;:6,&quot;335551620&quot;:6}\">\u00a0<\/span><\/p>\n<ol>\n<li data-leveltext=\"%1.\" data-font=\"Arial\" data-listid=\"1\" data-list-defn-props=\"{&quot;335552541&quot;:0,&quot;335559683&quot;:0,&quot;335559685&quot;:720,&quot;335559991&quot;:360,&quot;469769242&quot;:[65533,0],&quot;469777803&quot;:&quot;left&quot;,&quot;469777804&quot;:&quot;%1.&quot;,&quot;469777815&quot;:&quot;hybridMultilevel&quot;}\" data-aria-posinset=\"6\" data-aria-level=\"1\"><span data-contrast=\"none\">Mida pead oma t\u00f6\u00f6s olulisemateks ja v\u00e4\u00e4rtuslikemateks saavutusteks just t\u00f6\u00f6s noortega v\u00f5i noortele v\u00f5imalusi luues 2023. aastal?<\/span><span data-ccp-props=\"{}\">\u00a0<\/span><\/li>\n<\/ol>\n<p><span data-contrast=\"none\">Tunnen, et 2023. aasta suurimaks kordaminekuks saab lugeda Tallinna linna noortekeskuste teenusedisainimudeli valmimise, mille \u00fcheks osaks Valdeku Noortekeskus oli. N\u00e4en, et see on v\u00e4ga suur ja oluline samm selle poole, et saaksime t\u00f5endusp\u00f5hiselt inimestele selgitada, kes me oleme ja miks me oma t\u00f6\u00f6d teeme. Samuti aitab l\u00e4bi selle s\u00f5nastatud spetsialiseerumine meil noortele kvaliteetsemat ja l\u00e4bim\u00f5eldumat noorsoot\u00f6\u00f6d pakkuda.<\/span><span data-ccp-props=\"{&quot;335551550&quot;:6,&quot;335551620&quot;:6}\">\u00a0<\/span><\/p>\n<ol>\n<li data-leveltext=\"%1.\" data-font=\"Arial\" data-listid=\"1\" data-list-defn-props=\"{&quot;335552541&quot;:0,&quot;335559683&quot;:0,&quot;335559685&quot;:720,&quot;335559991&quot;:360,&quot;469769242&quot;:[65533,0],&quot;469777803&quot;:&quot;left&quot;,&quot;469777804&quot;:&quot;%1.&quot;,&quot;469777815&quot;:&quot;hybridMultilevel&quot;}\" data-aria-posinset=\"7\" data-aria-level=\"1\"><span data-contrast=\"none\">Millised on Sinu ettepanekud, et veel rohkem ja veel suuremalt paistaks k\u00f5ikide noorsoot\u00f6\u00f6tajate panus nii kohalikul kui ka riiklikul tasandil h\u00e4sti esile?<\/span><span data-ccp-props=\"{}\">\u00a0<\/span><\/li>\n<\/ol>\n<p><span data-contrast=\"none\">Leian, et siinkohal on v\u00e4ga olulisel kohal noorsoot\u00f6\u00f6tajate v\u00f5rgustumine ja p\u00e4riselt omavahelise koost\u00f6\u00f6 tegemine. Nii kaua, kui tegutseme iga\u00fcks vaikselt oma nurgas, ei saa midagi juhtuma kuid kui v\u00f5tame ennast \u00fchiselt kokku, \u00fchtlustame oma v\u00e4\u00e4rtused ja eesm\u00e4rgid ning toimetame \u00fcheskoos, on meil olemas j\u00f5ud, millega oma valdkonda ka laiema \u00fchiskonna ees toetada. Selleks, et noorsoot\u00f6\u00f6tajate panus paremini esile tuleks, julgustan k\u00f5iki noorsoot\u00f6\u00f6tajaid avalikult v\u00e4lja \u00fctlema, mida ja miks nad teevad. Meie ise teame k\u00f5ige paremini, miks me seda siis oma s\u00f5nadega jagada ei v\u00f5iks?<\/span><span data-ccp-props=\"{&quot;335551550&quot;:6,&quot;335551620&quot;:6}\">\u00a0<\/span><\/p>\n<ol>\n<li data-leveltext=\"%1.\" data-font=\"Arial\" data-listid=\"1\" data-list-defn-props=\"{&quot;335552541&quot;:0,&quot;335559683&quot;:0,&quot;335559685&quot;:720,&quot;335559991&quot;:360,&quot;469769242&quot;:[65533,0],&quot;469777803&quot;:&quot;left&quot;,&quot;469777804&quot;:&quot;%1.&quot;,&quot;469777815&quot;:&quot;hybridMultilevel&quot;}\" data-aria-posinset=\"8\" data-aria-level=\"1\"><span data-contrast=\"none\">Mis on Sinu nipp eredaks \u201cp\u00f5lemiseks\u201d noorsoot\u00f6\u00f6tajana, kuid sealjuurde mitte l\u00e4bip\u00f5lemiseks?<\/span><span data-ccp-props=\"{}\">\u00a0<\/span><\/li>\n<\/ol>\n<p><span data-contrast=\"none\">Pean t\u00e4iesti ausalt \u00fctlema, et neid nippe olen ka ise alles otsimas ja l\u00e4bi katsetamas. Noorsoot\u00f6\u00f6 on paratamatult valdkond, kus tegutsevad inimesed teevad seda suure kirega ja suuresti sisemisest entusiasmist t\u00f5ugatuna. See viib aga v\u00e4ga kiiresti l\u00e4bip\u00f5lemiseni. Minu soovitus on, et igal noorsoot\u00f6\u00f6tajal peab olema igap\u00e4evase kohati rutiinse platsit\u00f6\u00f6 k\u00f5rval m\u00f5ni projekt v\u00f5i lisategevus, mis talle p\u00e4riselt r\u00f5\u00f5mu pakub ja aitab ka keerulisematest olukordadest elusa ja tervena v\u00e4lja tulla.<\/span><span data-ccp-props=\"{&quot;335551550&quot;:6,&quot;335551620&quot;:6}\">\u00a0<\/span><\/p>\n<p><span data-ccp-props=\"{&quot;335551550&quot;:6,&quot;335551620&quot;:6}\">\u00a0<\/span><\/p>\n<p><span data-contrast=\"none\">Meil on v\u00e4ga hea meel, et Kerttu Tallinna noorsoot\u00f6\u00f6 tunnustuskonkursil v\u00e4lja toodi, sest me ei kujuta t\u00f6\u00f6d Valdekus enam ilma temata ette. Ta teeb palju ja teeb seda h\u00e4sti. Kerttuga saad ise kohtuda Valdeku Noortekeskuses E-R 13.00-17.00. Tule kohtu temaga ise!<\/span><span data-ccp-props=\"{&quot;335551550&quot;:6,&quot;335551620&quot;:6}\">\u00a0<\/span><\/p>\n","protected":false},"excerpt":{"rendered":"<p>Meie hea Kerttu p\u00e4lvis veebruaris \u00e4ram\u00e4rkimise Tallinna noorsoot\u00f6\u00f6 tunnustuss\u00fcndmusel \u201cSuured Teod 2023\u201d aasta noorsoot\u00f6\u00f6taja kategoorias.\u00a0\u00a0 Esitasime ta konkursile, sest Kerttu on silmapaistev noorsoot\u00f6\u00f6taja, kes lisaks ametialaste kohustuste t\u00e4itmisele on aktiivne panustaja noorsoot\u00f6\u00f6s laiemalt, toetades N\u00f5mme (ja Tallinna ning \u00fcle kogu Eesti) kogukonna arengut ning edendades noorte valdkonna professionaalset kasvu. Aastasse 2023 on Kerttu suutnud oskuslikult [&hellip;]<\/p>\n","protected":false},"author":13,"featured_media":1330,"comment_status":"closed","ping_status":"open","sticky":false,"template":"","format":"standard","meta":{"_acf_changed":false,"footnotes":""},"class_list":["post-1329","post","type-post","status-publish","format-standard","has-post-thumbnail","hentry"],"acf":[],"yoast_head":"<!-- This site is optimized with the Yoast SEO plugin v27.5 - https:\/\/yoast.com\/product\/yoast-seo-wordpress\/ -->\n<title>Palju \u00f5nne noorsoot\u00f6\u00f6taja Kerttu! &#8211; Valdeku noortekeskus<\/title>\n<meta name=\"robots\" content=\"index, follow, max-snippet:-1, max-image-preview:large, max-video-preview:-1\" \/>\n<link rel=\"canonical\" href=\"https:\/\/www.nomme.ee\/valdeku-noortekeskus\/palju-onne-noorsootootaja-kerttu\/\" \/>\n<meta property=\"og:locale\" content=\"et_EE\" \/>\n<meta property=\"og:type\" content=\"article\" \/>\n<meta property=\"og:title\" content=\"Palju \u00f5nne noorsoot\u00f6\u00f6taja Kerttu! &#8211; Valdeku noortekeskus\" \/>\n<meta property=\"og:description\" content=\"Meie hea Kerttu p\u00e4lvis veebruaris \u00e4ram\u00e4rkimise Tallinna noorsoot\u00f6\u00f6 tunnustuss\u00fcndmusel \u201cSuured Teod 2023\u201d aasta noorsoot\u00f6\u00f6taja kategoorias.\u00a0\u00a0 Esitasime ta konkursile, sest Kerttu on silmapaistev noorsoot\u00f6\u00f6taja, kes lisaks ametialaste kohustuste t\u00e4itmisele on aktiivne panustaja noorsoot\u00f6\u00f6s laiemalt, toetades N\u00f5mme (ja Tallinna ning \u00fcle kogu Eesti) kogukonna arengut ning edendades noorte valdkonna professionaalset kasvu. Aastasse 2023 on Kerttu suutnud oskuslikult [&hellip;]\" \/>\n<meta property=\"og:url\" content=\"https:\/\/www.nomme.ee\/valdeku-noortekeskus\/palju-onne-noorsootootaja-kerttu\/\" \/>\n<meta property=\"og:site_name\" content=\"Valdeku noortekeskus\" \/>\n<meta property=\"article:published_time\" content=\"2024-04-08T11:29:09+00:00\" \/>\n<meta property=\"article:modified_time\" content=\"2025-04-03T15:06:54+00:00\" \/>\n<meta property=\"og:image\" content=\"https:\/\/www.nomme.ee\/valdeku-noortekeskus\/wp-content\/uploads\/sites\/3\/2024\/04\/20240219-1357-1-scaled-e1712575694409.jpg\" \/>\n\t<meta property=\"og:image:width\" content=\"1198\" \/>\n\t<meta property=\"og:image:height\" content=\"1459\" \/>\n\t<meta property=\"og:image:type\" content=\"image\/jpeg\" \/>\n<meta name=\"author\" content=\"evely\" \/>\n<meta name=\"twitter:card\" content=\"summary_large_image\" \/>\n<meta name=\"twitter:label1\" content=\"Written by\" \/>\n\t<meta name=\"twitter:data1\" content=\"evely\" \/>\n\t<meta name=\"twitter:label2\" content=\"Est. reading time\" \/>\n\t<meta name=\"twitter:data2\" content=\"6 minutit\" \/>\n<script type=\"application\/ld+json\" class=\"yoast-schema-graph\">{\"@context\":\"https:\\\/\\\/schema.org\",\"@graph\":[{\"@type\":\"Article\",\"@id\":\"https:\\\/\\\/www.nomme.ee\\\/valdeku-noortekeskus\\\/palju-onne-noorsootootaja-kerttu\\\/#article\",\"isPartOf\":{\"@id\":\"https:\\\/\\\/www.nomme.ee\\\/valdeku-noortekeskus\\\/palju-onne-noorsootootaja-kerttu\\\/\"},\"author\":{\"name\":\"evely\",\"@id\":\"https:\\\/\\\/www.nomme.ee\\\/valdeku-noortekeskus\\\/#\\\/schema\\\/person\\\/6f7e185fd2e8a2f1334d20f6045b57d1\"},\"headline\":\"Palju \u00f5nne noorsoot\u00f6\u00f6taja Kerttu!\",\"datePublished\":\"2024-04-08T11:29:09+00:00\",\"dateModified\":\"2025-04-03T15:06:54+00:00\",\"mainEntityOfPage\":{\"@id\":\"https:\\\/\\\/www.nomme.ee\\\/valdeku-noortekeskus\\\/palju-onne-noorsootootaja-kerttu\\\/\"},\"wordCount\":1201,\"image\":{\"@id\":\"https:\\\/\\\/www.nomme.ee\\\/valdeku-noortekeskus\\\/palju-onne-noorsootootaja-kerttu\\\/#primaryimage\"},\"thumbnailUrl\":\"https:\\\/\\\/www.nomme.ee\\\/valdeku-noortekeskus\\\/wp-content\\\/uploads\\\/sites\\\/3\\\/2024\\\/04\\\/20240219-1357-1-scaled-e1712575694409.jpg\",\"inLanguage\":\"et\"},{\"@type\":\"WebPage\",\"@id\":\"https:\\\/\\\/www.nomme.ee\\\/valdeku-noortekeskus\\\/palju-onne-noorsootootaja-kerttu\\\/\",\"url\":\"https:\\\/\\\/www.nomme.ee\\\/valdeku-noortekeskus\\\/palju-onne-noorsootootaja-kerttu\\\/\",\"name\":\"Palju \u00f5nne noorsoot\u00f6\u00f6taja Kerttu! &#8211; Valdeku noortekeskus\",\"isPartOf\":{\"@id\":\"https:\\\/\\\/www.nomme.ee\\\/valdeku-noortekeskus\\\/#website\"},\"primaryImageOfPage\":{\"@id\":\"https:\\\/\\\/www.nomme.ee\\\/valdeku-noortekeskus\\\/palju-onne-noorsootootaja-kerttu\\\/#primaryimage\"},\"image\":{\"@id\":\"https:\\\/\\\/www.nomme.ee\\\/valdeku-noortekeskus\\\/palju-onne-noorsootootaja-kerttu\\\/#primaryimage\"},\"thumbnailUrl\":\"https:\\\/\\\/www.nomme.ee\\\/valdeku-noortekeskus\\\/wp-content\\\/uploads\\\/sites\\\/3\\\/2024\\\/04\\\/20240219-1357-1-scaled-e1712575694409.jpg\",\"datePublished\":\"2024-04-08T11:29:09+00:00\",\"dateModified\":\"2025-04-03T15:06:54+00:00\",\"author\":{\"@id\":\"https:\\\/\\\/www.nomme.ee\\\/valdeku-noortekeskus\\\/#\\\/schema\\\/person\\\/6f7e185fd2e8a2f1334d20f6045b57d1\"},\"breadcrumb\":{\"@id\":\"https:\\\/\\\/www.nomme.ee\\\/valdeku-noortekeskus\\\/palju-onne-noorsootootaja-kerttu\\\/#breadcrumb\"},\"inLanguage\":\"et\",\"potentialAction\":[{\"@type\":\"ReadAction\",\"target\":[\"https:\\\/\\\/www.nomme.ee\\\/valdeku-noortekeskus\\\/palju-onne-noorsootootaja-kerttu\\\/\"]}]},{\"@type\":\"ImageObject\",\"inLanguage\":\"et\",\"@id\":\"https:\\\/\\\/www.nomme.ee\\\/valdeku-noortekeskus\\\/palju-onne-noorsootootaja-kerttu\\\/#primaryimage\",\"url\":\"https:\\\/\\\/www.nomme.ee\\\/valdeku-noortekeskus\\\/wp-content\\\/uploads\\\/sites\\\/3\\\/2024\\\/04\\\/20240219-1357-1-scaled-e1712575694409.jpg\",\"contentUrl\":\"https:\\\/\\\/www.nomme.ee\\\/valdeku-noortekeskus\\\/wp-content\\\/uploads\\\/sites\\\/3\\\/2024\\\/04\\\/20240219-1357-1-scaled-e1712575694409.jpg\",\"width\":1198,\"height\":1459},{\"@type\":\"BreadcrumbList\",\"@id\":\"https:\\\/\\\/www.nomme.ee\\\/valdeku-noortekeskus\\\/palju-onne-noorsootootaja-kerttu\\\/#breadcrumb\",\"itemListElement\":[{\"@type\":\"ListItem\",\"position\":1,\"name\":\"N\u00f5mme Vaba Aja Keskus\",\"item\":\"https:\\\/\\\/www.nomme.ee\"},{\"@type\":\"ListItem\",\"position\":2,\"name\":\"Valdeku noortekeskus\",\"item\":\"https:\\\/\\\/www.nomme.ee\\\/valdeku-noortekeskus\\\/\"},{\"@type\":\"ListItem\",\"position\":3,\"name\":\"Palju \u00f5nne noorsoot\u00f6\u00f6taja Kerttu!\"}]},{\"@type\":\"WebSite\",\"@id\":\"https:\\\/\\\/www.nomme.ee\\\/valdeku-noortekeskus\\\/#website\",\"url\":\"https:\\\/\\\/www.nomme.ee\\\/valdeku-noortekeskus\\\/\",\"name\":\"Valdeku noortekeskus\",\"description\":\"\",\"potentialAction\":[{\"@type\":\"SearchAction\",\"target\":{\"@type\":\"EntryPoint\",\"urlTemplate\":\"https:\\\/\\\/www.nomme.ee\\\/valdeku-noortekeskus\\\/?s={search_term_string}\"},\"query-input\":{\"@type\":\"PropertyValueSpecification\",\"valueRequired\":true,\"valueName\":\"search_term_string\"}}],\"inLanguage\":\"et\"},{\"@type\":\"Person\",\"@id\":\"https:\\\/\\\/www.nomme.ee\\\/valdeku-noortekeskus\\\/#\\\/schema\\\/person\\\/6f7e185fd2e8a2f1334d20f6045b57d1\",\"name\":\"evely\",\"image\":{\"@type\":\"ImageObject\",\"inLanguage\":\"et\",\"@id\":\"https:\\\/\\\/secure.gravatar.com\\\/avatar\\\/078c31344894356ce0a57060da9c9bd4504cb0152d7670f30a9253ac111bfd4f?s=96&d=mm&r=g\",\"url\":\"https:\\\/\\\/secure.gravatar.com\\\/avatar\\\/078c31344894356ce0a57060da9c9bd4504cb0152d7670f30a9253ac111bfd4f?s=96&d=mm&r=g\",\"contentUrl\":\"https:\\\/\\\/secure.gravatar.com\\\/avatar\\\/078c31344894356ce0a57060da9c9bd4504cb0152d7670f30a9253ac111bfd4f?s=96&d=mm&r=g\",\"caption\":\"evely\"}}]}<\/script>\n<!-- \/ Yoast SEO plugin. -->","yoast_head_json":{"title":"Palju \u00f5nne noorsoot\u00f6\u00f6taja Kerttu! &#8211; Valdeku noortekeskus","robots":{"index":"index","follow":"follow","max-snippet":"max-snippet:-1","max-image-preview":"max-image-preview:large","max-video-preview":"max-video-preview:-1"},"canonical":"https:\/\/www.nomme.ee\/valdeku-noortekeskus\/palju-onne-noorsootootaja-kerttu\/","og_locale":"et_EE","og_type":"article","og_title":"Palju \u00f5nne noorsoot\u00f6\u00f6taja Kerttu! &#8211; Valdeku noortekeskus","og_description":"Meie hea Kerttu p\u00e4lvis veebruaris \u00e4ram\u00e4rkimise Tallinna noorsoot\u00f6\u00f6 tunnustuss\u00fcndmusel \u201cSuured Teod 2023\u201d aasta noorsoot\u00f6\u00f6taja kategoorias.\u00a0\u00a0 Esitasime ta konkursile, sest Kerttu on silmapaistev noorsoot\u00f6\u00f6taja, kes lisaks ametialaste kohustuste t\u00e4itmisele on aktiivne panustaja noorsoot\u00f6\u00f6s laiemalt, toetades N\u00f5mme (ja Tallinna ning \u00fcle kogu Eesti) kogukonna arengut ning edendades noorte valdkonna professionaalset kasvu. Aastasse 2023 on Kerttu suutnud oskuslikult [&hellip;]","og_url":"https:\/\/www.nomme.ee\/valdeku-noortekeskus\/palju-onne-noorsootootaja-kerttu\/","og_site_name":"Valdeku noortekeskus","article_published_time":"2024-04-08T11:29:09+00:00","article_modified_time":"2025-04-03T15:06:54+00:00","og_image":[{"width":1198,"height":1459,"url":"https:\/\/www.nomme.ee\/valdeku-noortekeskus\/wp-content\/uploads\/sites\/3\/2024\/04\/20240219-1357-1-scaled-e1712575694409.jpg","type":"image\/jpeg"}],"author":"evely","twitter_card":"summary_large_image","twitter_misc":{"Written by":"evely","Est. reading time":"6 minutit"},"schema":{"@context":"https:\/\/schema.org","@graph":[{"@type":"Article","@id":"https:\/\/www.nomme.ee\/valdeku-noortekeskus\/palju-onne-noorsootootaja-kerttu\/#article","isPartOf":{"@id":"https:\/\/www.nomme.ee\/valdeku-noortekeskus\/palju-onne-noorsootootaja-kerttu\/"},"author":{"name":"evely","@id":"https:\/\/www.nomme.ee\/valdeku-noortekeskus\/#\/schema\/person\/6f7e185fd2e8a2f1334d20f6045b57d1"},"headline":"Palju \u00f5nne noorsoot\u00f6\u00f6taja Kerttu!","datePublished":"2024-04-08T11:29:09+00:00","dateModified":"2025-04-03T15:06:54+00:00","mainEntityOfPage":{"@id":"https:\/\/www.nomme.ee\/valdeku-noortekeskus\/palju-onne-noorsootootaja-kerttu\/"},"wordCount":1201,"image":{"@id":"https:\/\/www.nomme.ee\/valdeku-noortekeskus\/palju-onne-noorsootootaja-kerttu\/#primaryimage"},"thumbnailUrl":"https:\/\/www.nomme.ee\/valdeku-noortekeskus\/wp-content\/uploads\/sites\/3\/2024\/04\/20240219-1357-1-scaled-e1712575694409.jpg","inLanguage":"et"},{"@type":"WebPage","@id":"https:\/\/www.nomme.ee\/valdeku-noortekeskus\/palju-onne-noorsootootaja-kerttu\/","url":"https:\/\/www.nomme.ee\/valdeku-noortekeskus\/palju-onne-noorsootootaja-kerttu\/","name":"Palju \u00f5nne noorsoot\u00f6\u00f6taja Kerttu! &#8211; Valdeku noortekeskus","isPartOf":{"@id":"https:\/\/www.nomme.ee\/valdeku-noortekeskus\/#website"},"primaryImageOfPage":{"@id":"https:\/\/www.nomme.ee\/valdeku-noortekeskus\/palju-onne-noorsootootaja-kerttu\/#primaryimage"},"image":{"@id":"https:\/\/www.nomme.ee\/valdeku-noortekeskus\/palju-onne-noorsootootaja-kerttu\/#primaryimage"},"thumbnailUrl":"https:\/\/www.nomme.ee\/valdeku-noortekeskus\/wp-content\/uploads\/sites\/3\/2024\/04\/20240219-1357-1-scaled-e1712575694409.jpg","datePublished":"2024-04-08T11:29:09+00:00","dateModified":"2025-04-03T15:06:54+00:00","author":{"@id":"https:\/\/www.nomme.ee\/valdeku-noortekeskus\/#\/schema\/person\/6f7e185fd2e8a2f1334d20f6045b57d1"},"breadcrumb":{"@id":"https:\/\/www.nomme.ee\/valdeku-noortekeskus\/palju-onne-noorsootootaja-kerttu\/#breadcrumb"},"inLanguage":"et","potentialAction":[{"@type":"ReadAction","target":["https:\/\/www.nomme.ee\/valdeku-noortekeskus\/palju-onne-noorsootootaja-kerttu\/"]}]},{"@type":"ImageObject","inLanguage":"et","@id":"https:\/\/www.nomme.ee\/valdeku-noortekeskus\/palju-onne-noorsootootaja-kerttu\/#primaryimage","url":"https:\/\/www.nomme.ee\/valdeku-noortekeskus\/wp-content\/uploads\/sites\/3\/2024\/04\/20240219-1357-1-scaled-e1712575694409.jpg","contentUrl":"https:\/\/www.nomme.ee\/valdeku-noortekeskus\/wp-content\/uploads\/sites\/3\/2024\/04\/20240219-1357-1-scaled-e1712575694409.jpg","width":1198,"height":1459},{"@type":"BreadcrumbList","@id":"https:\/\/www.nomme.ee\/valdeku-noortekeskus\/palju-onne-noorsootootaja-kerttu\/#breadcrumb","itemListElement":[{"@type":"ListItem","position":1,"name":"N\u00f5mme Vaba Aja Keskus","item":"https:\/\/www.nomme.ee"},{"@type":"ListItem","position":2,"name":"Valdeku noortekeskus","item":"https:\/\/www.nomme.ee\/valdeku-noortekeskus\/"},{"@type":"ListItem","position":3,"name":"Palju \u00f5nne noorsoot\u00f6\u00f6taja Kerttu!"}]},{"@type":"WebSite","@id":"https:\/\/www.nomme.ee\/valdeku-noortekeskus\/#website","url":"https:\/\/www.nomme.ee\/valdeku-noortekeskus\/","name":"Valdeku noortekeskus","description":"","potentialAction":[{"@type":"SearchAction","target":{"@type":"EntryPoint","urlTemplate":"https:\/\/www.nomme.ee\/valdeku-noortekeskus\/?s={search_term_string}"},"query-input":{"@type":"PropertyValueSpecification","valueRequired":true,"valueName":"search_term_string"}}],"inLanguage":"et"},{"@type":"Person","@id":"https:\/\/www.nomme.ee\/valdeku-noortekeskus\/#\/schema\/person\/6f7e185fd2e8a2f1334d20f6045b57d1","name":"evely","image":{"@type":"ImageObject","inLanguage":"et","@id":"https:\/\/secure.gravatar.com\/avatar\/078c31344894356ce0a57060da9c9bd4504cb0152d7670f30a9253ac111bfd4f?s=96&d=mm&r=g","url":"https:\/\/secure.gravatar.com\/avatar\/078c31344894356ce0a57060da9c9bd4504cb0152d7670f30a9253ac111bfd4f?s=96&d=mm&r=g","contentUrl":"https:\/\/secure.gravatar.com\/avatar\/078c31344894356ce0a57060da9c9bd4504cb0152d7670f30a9253ac111bfd4f?s=96&d=mm&r=g","caption":"evely"}}]}},"_links":{"self":[{"href":"https:\/\/www.nomme.ee\/valdeku-noortekeskus\/wp-json\/wp\/v2\/posts\/1329","targetHints":{"allow":["GET"]}}],"collection":[{"href":"https:\/\/www.nomme.ee\/valdeku-noortekeskus\/wp-json\/wp\/v2\/posts"}],"about":[{"href":"https:\/\/www.nomme.ee\/valdeku-noortekeskus\/wp-json\/wp\/v2\/types\/post"}],"author":[{"embeddable":true,"href":"https:\/\/www.nomme.ee\/valdeku-noortekeskus\/wp-json\/wp\/v2\/users\/13"}],"replies":[{"embeddable":true,"href":"https:\/\/www.nomme.ee\/valdeku-noortekeskus\/wp-json\/wp\/v2\/comments?post=1329"}],"version-history":[{"count":1,"href":"https:\/\/www.nomme.ee\/valdeku-noortekeskus\/wp-json\/wp\/v2\/posts\/1329\/revisions"}],"predecessor-version":[{"id":1331,"href":"https:\/\/www.nomme.ee\/valdeku-noortekeskus\/wp-json\/wp\/v2\/posts\/1329\/revisions\/1331"}],"wp:featuredmedia":[{"embeddable":true,"href":"https:\/\/www.nomme.ee\/valdeku-noortekeskus\/wp-json\/wp\/v2\/media\/1330"}],"wp:attachment":[{"href":"https:\/\/www.nomme.ee\/valdeku-noortekeskus\/wp-json\/wp\/v2\/media?parent=1329"}],"curies":[{"name":"wp","href":"https:\/\/api.w.org\/{rel}","templated":true}]}}