{"id":1498,"date":"2024-08-26T11:23:04","date_gmt":"2024-08-26T11:23:04","guid":{"rendered":"https:\/\/www.nomme.ee\/valdeku-noortekeskus\/?p=1498"},"modified":"2025-04-03T15:05:28","modified_gmt":"2025-04-03T15:05:28","slug":"valisvabatahtlik-enzo-tagasivaade-aastale","status":"publish","type":"post","link":"https:\/\/www.nomme.ee\/valdeku-noortekeskus\/valisvabatahtlik-enzo-tagasivaade-aastale\/","title":{"rendered":"V\u00e4lisvabatahtlik Enzo tagasivaade aastale"},"content":{"rendered":"<p style=\"text-align: justify\">Nii nagu augustikuuga saab l\u00e4bi suvi ja noorte suvine vaheaeg, on l\u00e4bi saamas ka meie v\u00e4lisvabatahtlik Enzo teenistus Valdeku Noortekeskuses. Sel puhul palusime tal oma aastale tagasi vaadata ja vastata m\u00f5nele k\u00fcsimusele.<\/p>\n<p style=\"text-align: justify\"><em>Just as summer and the summer break for young people come to an end in August, so does our foreign volunteer Enzo&#8217;s service at the Valdeku Youth Center. On this occasion, we asked him to look back on his year and answer a few questions. You can find his answers in English below.<\/em><\/p>\n<p style=\"text-align: justify\"><b><span data-contrast=\"auto\">Mis motiveeris sind Eestisse vabatahtlikuks tulema ja kuidas sa praegu selle otsuse suhtes tunned?<\/span><\/b><span data-ccp-props=\"{&quot;134233118&quot;:false,&quot;201341983&quot;:0,&quot;335551550&quot;:6,&quot;335551620&quot;:6,&quot;335559739&quot;:240,&quot;335559740&quot;:279}\">\u00a0<\/span><\/p>\n<p style=\"text-align: justify\"><span data-contrast=\"auto\">K\u00f5igepealt oli see sellep\u00e4rast, et ma l\u00f5petasin \u00f5pingud ja olin oma elus t\u00f5esti eksinud. Otsustasin reisida, et leida oma elule m\u00f5tet. Mind huvitas uute asjade, uute riikide ja inimeste avastamine. Valisin Eesti, sest see oli ingliskeelt k\u00f5nelev riik ja minu inglise keele \u00f5petaja armastas seda riiki, nii et miks mitte? Tunnen, et see oli minu elu parim otsus. See t\u00f5esti muutis minu elu ja olen v\u00e4ga \u00f5nnelik, et olen siin Eestis.<\/span><span data-ccp-props=\"{&quot;134233118&quot;:false,&quot;201341983&quot;:0,&quot;335551550&quot;:6,&quot;335551620&quot;:6,&quot;335559739&quot;:240,&quot;335559740&quot;:279}\">\u00a0<\/span><\/p>\n<p style=\"text-align: justify\"><b><span data-contrast=\"auto\">Kuidas sa arvad, et oled vabatahtlikuteenistuse jooksul inimesena kasvanud v\u00f5i muutunud?<\/span><\/b><span data-ccp-props=\"{&quot;134233118&quot;:false,&quot;201341983&quot;:0,&quot;335551550&quot;:6,&quot;335551620&quot;:6,&quot;335559739&quot;:240,&quot;335559740&quot;:279}\">\u00a0<\/span><\/p>\n<p style=\"text-align: justify\"><span data-contrast=\"auto\">Arvan, et ma ei ole \u00fcldse sama inimene. Saabusin siia t\u00f5esti v\u00e4ga noore t\u00e4iskasvanuna, kes ei olnud valmis t\u00e4iskasvanueluks. Mul on endiselt vaja palju asju \u00f5ppida ja parandada, kuid tunnen end t\u00f5esti rohkem valmis t\u00e4iskasvanuelu alustama ja p\u00e4ris inimeseks saama. Samuti aitas mind v\u00e4ga palju esimest korda \u00fcksinda elamine.<\/span><span data-ccp-props=\"{&quot;134233118&quot;:false,&quot;201341983&quot;:0,&quot;335551550&quot;:6,&quot;335551620&quot;:6,&quot;335559739&quot;:240,&quot;335559740&quot;:279}\">\u00a0<\/span><\/p>\n<p style=\"text-align: justify\"><b><span data-contrast=\"auto\">Kas saaksid jagada m\u00f5nda huvitavat kultuurilist traditsiooni v\u00f5i aspekti Eesti elust, mida oled kogenud?<\/span><\/b><span data-ccp-props=\"{&quot;134233118&quot;:false,&quot;201341983&quot;:0,&quot;335551550&quot;:6,&quot;335551620&quot;:6,&quot;335559739&quot;:240,&quot;335559740&quot;:279}\">\u00a0<\/span><\/p>\n<p style=\"text-align: justify\"><span data-contrast=\"auto\">Esimene asi oleks rituaal, mida k\u00f5ik teevad enne jalgpallim\u00e4ngu. Siin Eestis on enne jalgpallim\u00e4ngu algust rituaal, mida k\u00f5ik peavad tegema. See on p\u00f5him\u00f5tteliselt austuse n\u00e4itamine vastasele, teeme seda ka l\u00f5pus. See on hea, kuid alguses \u00fcllatav.<\/span><span data-ccp-props=\"{&quot;134233118&quot;:false,&quot;201341983&quot;:0,&quot;335551550&quot;:6,&quot;335551620&quot;:6,&quot;335559739&quot;:240,&quot;335559740&quot;:279}\">\u00a0<\/span><\/p>\n<p style=\"text-align: justify\"><img loading=\"lazy\" decoding=\"async\" class=\"alignnone wp-image-1502\" src=\"https:\/\/www.nomme.ee\/valdeku-noortekeskus\/wp-content\/uploads\/sites\/3\/2024\/08\/Enzo-Moretto-VLDK.jpg\" alt=\"\" width=\"405\" height=\"263\" srcset=\"https:\/\/www.nomme.ee\/valdeku-noortekeskus\/wp-content\/uploads\/sites\/3\/2024\/08\/Enzo-Moretto-VLDK.jpg 1179w, https:\/\/www.nomme.ee\/valdeku-noortekeskus\/wp-content\/uploads\/sites\/3\/2024\/08\/Enzo-Moretto-VLDK-300x195.jpg 300w, https:\/\/www.nomme.ee\/valdeku-noortekeskus\/wp-content\/uploads\/sites\/3\/2024\/08\/Enzo-Moretto-VLDK-1024x664.jpg 1024w, https:\/\/www.nomme.ee\/valdeku-noortekeskus\/wp-content\/uploads\/sites\/3\/2024\/08\/Enzo-Moretto-VLDK-768x498.jpg 768w\" sizes=\"auto, (max-width: 405px) 100vw, 405px\" \/><\/p>\n<p style=\"text-align: justify\"><span data-contrast=\"auto\">Teine asi on j\u00e4\u00e4ujumine, mida tegin talvel. IMELINE. Mulle t\u00f5esti meeldis see ja olen kindel, et igatsen seda j\u00e4rgmisel talvel.<\/span><span data-ccp-props=\"{&quot;134233118&quot;:false,&quot;201341983&quot;:0,&quot;335551550&quot;:6,&quot;335551620&quot;:6,&quot;335559739&quot;:240,&quot;335559740&quot;:279}\">\u00a0<\/span><\/p>\n<p style=\"text-align: justify\"><img loading=\"lazy\" decoding=\"async\" class=\"alignnone wp-image-1500\" src=\"https:\/\/www.nomme.ee\/valdeku-noortekeskus\/wp-content\/uploads\/sites\/3\/2024\/08\/Image-2-scaled.jpg\" alt=\"\" width=\"403\" height=\"537\" srcset=\"https:\/\/www.nomme.ee\/valdeku-noortekeskus\/wp-content\/uploads\/sites\/3\/2024\/08\/Image-2-scaled.jpg 1920w, https:\/\/www.nomme.ee\/valdeku-noortekeskus\/wp-content\/uploads\/sites\/3\/2024\/08\/Image-2-225x300.jpg 225w, https:\/\/www.nomme.ee\/valdeku-noortekeskus\/wp-content\/uploads\/sites\/3\/2024\/08\/Image-2-768x1024.jpg 768w, https:\/\/www.nomme.ee\/valdeku-noortekeskus\/wp-content\/uploads\/sites\/3\/2024\/08\/Image-2-1152x1536.jpg 1152w, https:\/\/www.nomme.ee\/valdeku-noortekeskus\/wp-content\/uploads\/sites\/3\/2024\/08\/Image-2-1536x2048.jpg 1536w, https:\/\/www.nomme.ee\/valdeku-noortekeskus\/wp-content\/uploads\/sites\/3\/2024\/08\/Image-2-1200x1600.jpg 1200w\" sizes=\"auto, (max-width: 403px) 100vw, 403px\" \/><\/p>\n<p style=\"text-align: justify\"><b><span data-contrast=\"auto\">Kas saaksid jagada lugu sellest, kuidas sa noortekeskuses kedagi v\u00f5i midagi positiivselt m\u00f5jutasid?<\/span><\/b><span data-ccp-props=\"{&quot;134233118&quot;:false,&quot;201341983&quot;:0,&quot;335551550&quot;:6,&quot;335551620&quot;:6,&quot;335559739&quot;:240,&quot;335559740&quot;:279}\">\u00a0<\/span><\/p>\n<p style=\"text-align: justify\"><span data-contrast=\"auto\">Mul ei ole konkreetset n\u00e4idet, aga ma alati p\u00fc\u00fcan naeratada ja teha oma parima noorte jaoks. M\u00f5ned neist on kasvamise perioodil ja ma tean, et see aeg v\u00f5ib olla keeruline, kui sa ei ole valmis. Seet\u00f5ttu p\u00fc\u00fcan anda oma parima, andes n\u00f5u nende tuleviku jaoks. Ma tahan, et mind m\u00e4letataks kui head inimest.<\/span><span data-ccp-props=\"{&quot;134233118&quot;:false,&quot;201341983&quot;:0,&quot;335551550&quot;:6,&quot;335551620&quot;:6,&quot;335559739&quot;:240,&quot;335559740&quot;:279}\">\u00a0<\/span><\/p>\n<p style=\"text-align: justify\"><b><span data-contrast=\"auto\">Mis oli suurim v\u00e4ljakutse, millega sa vabatahtlikuna silmitsi seisid ja kuidas sa selle \u00fcletasid?<\/span><\/b><span data-ccp-props=\"{&quot;134233118&quot;:false,&quot;201341983&quot;:0,&quot;335551550&quot;:6,&quot;335551620&quot;:6,&quot;335559739&quot;:240,&quot;335559740&quot;:279}\">\u00a0<\/span><\/p>\n<p style=\"text-align: justify\"><span data-contrast=\"auto\">Alguses arvan, et see oli keel. Kuigi minu inglise keel ei olnud nii halb (oli k\u00fcll), m\u00e4letan, et see oli v\u00e4ga raske. Ainus viis selle \u00fcletamiseks oli aeg, kuulamine ja igap\u00e4evane \u00f5ppimine. Lisaks sellele arvan, et elamine jagatud korteris. M\u00f5ned inimesed ei ole m\u00f5eldud teiste inimestega koos elama. Ma p\u00fc\u00fcan seda endiselt \u00fcletada, aga elu on hea =)<\/span><span data-ccp-props=\"{&quot;134233118&quot;:false,&quot;201341983&quot;:0,&quot;335551550&quot;:6,&quot;335551620&quot;:6,&quot;335559739&quot;:240,&quot;335559740&quot;:279}\">\u00a0<\/span><\/p>\n<p style=\"text-align: justify\"><b><span data-contrast=\"auto\">Kui sa saaksid minna tagasi oma teenistuse algusesse, siis millist n\u00f5u sa endale annaksid?<\/span><\/b><span data-ccp-props=\"{&quot;134233118&quot;:false,&quot;201341983&quot;:0,&quot;335551550&quot;:6,&quot;335551620&quot;:6,&quot;335559739&quot;:240,&quot;335559740&quot;:279}\">\u00a0<\/span><\/p>\n<p style=\"text-align: justify\"><span data-contrast=\"auto\">Et kunagi ei kahtleks endas ja v\u00f5ib-olla ei m\u00f5tleks m\u00f5nda asja \u00fcle.<\/span><span data-ccp-props=\"{&quot;134233118&quot;:false,&quot;201341983&quot;:0,&quot;335551550&quot;:6,&quot;335551620&quot;:6,&quot;335559739&quot;:240,&quot;335559740&quot;:279}\">\u00a0<\/span><\/p>\n<p style=\"text-align: justify\"><b><span data-contrast=\"auto\">Mis on see, mida sa Eesti juures k\u00f5ige rohkem igatsema j\u00e4\u00e4d?<\/span><\/b><span data-ccp-props=\"{&quot;134233118&quot;:false,&quot;201341983&quot;:0,&quot;335551550&quot;:6,&quot;335551620&quot;:6,&quot;335559739&quot;:240,&quot;335559740&quot;:279}\">\u00a0<\/span><\/p>\n<p style=\"text-align: justify\"><span data-contrast=\"auto\">Perekond, kelle siin leidsin. Minu t\u00f6\u00f6kaaslased, kes said osaks minu perest. S\u00f5brad, kelle leidsin pidudel. Minu elustiil, rutiin.<\/span><span data-ccp-props=\"{&quot;134233118&quot;:false,&quot;201341983&quot;:0,&quot;335551550&quot;:6,&quot;335551620&quot;:6,&quot;335559739&quot;:240,&quot;335559740&quot;:279}\">\u00a0<\/span><\/p>\n<p style=\"text-align: justify\"><img loading=\"lazy\" decoding=\"async\" class=\"alignnone wp-image-1504\" src=\"https:\/\/www.nomme.ee\/valdeku-noortekeskus\/wp-content\/uploads\/sites\/3\/2024\/08\/Image-3-scaled.jpg\" alt=\"\" width=\"388\" height=\"518\" srcset=\"https:\/\/www.nomme.ee\/valdeku-noortekeskus\/wp-content\/uploads\/sites\/3\/2024\/08\/Image-3-scaled.jpg 1920w, https:\/\/www.nomme.ee\/valdeku-noortekeskus\/wp-content\/uploads\/sites\/3\/2024\/08\/Image-3-225x300.jpg 225w, https:\/\/www.nomme.ee\/valdeku-noortekeskus\/wp-content\/uploads\/sites\/3\/2024\/08\/Image-3-768x1024.jpg 768w, https:\/\/www.nomme.ee\/valdeku-noortekeskus\/wp-content\/uploads\/sites\/3\/2024\/08\/Image-3-1152x1536.jpg 1152w, https:\/\/www.nomme.ee\/valdeku-noortekeskus\/wp-content\/uploads\/sites\/3\/2024\/08\/Image-3-1536x2048.jpg 1536w, https:\/\/www.nomme.ee\/valdeku-noortekeskus\/wp-content\/uploads\/sites\/3\/2024\/08\/Image-3-1200x1600.jpg 1200w\" sizes=\"auto, (max-width: 388px) 100vw, 388px\" \/><\/p>\n<p style=\"text-align: justify\"><b><span data-contrast=\"auto\">Kuidas on see kogemus m\u00f5jutanud sinu tulevikuplaane v\u00f5i karj\u00e4\u00e4rip\u00fc\u00fcdlusi?<\/span><\/b><span data-ccp-props=\"{&quot;134233118&quot;:false,&quot;201341983&quot;:0,&quot;335551550&quot;:6,&quot;335551620&quot;:6,&quot;335559739&quot;:240,&quot;335559740&quot;:279}\">\u00a0<\/span><\/p>\n<p style=\"text-align: justify\"><span data-contrast=\"auto\">See aitas mul rohkem enda kohta teada saada. Ma ei tea ikka veel, mida elukutsena teha, aga ma tean, et mul on aega ja reisides leian \u00fchel p\u00e4eval midagi. Mul ei ole enam seda tunnet, et olen oma elus t\u00e4iesti eksinud. Olen kindel, et elu toob minu teele imelisi asju.<\/span><span data-ccp-props=\"{&quot;134233118&quot;:false,&quot;201341983&quot;:0,&quot;335551550&quot;:6,&quot;335551620&quot;:6,&quot;335559739&quot;:240,&quot;335559740&quot;:279}\">\u00a0<\/span><\/p>\n<p style=\"text-align: justify\"><b><span data-contrast=\"auto\">Millist n\u00f5u sa annaksid tulevastele vabatahtlikele, kes Eestisse tulevad?<\/span><\/b><span data-ccp-props=\"{&quot;134233118&quot;:false,&quot;201341983&quot;:0,&quot;335551550&quot;:6,&quot;335551620&quot;:6,&quot;335559739&quot;:240,&quot;335559740&quot;:279}\">\u00a0<\/span><\/p>\n<p style=\"text-align: justify\"><span data-contrast=\"auto\">Et nad oleksid valmis Eesti ilmaks. Kunagi ei tohi selle \u00fcle kurta, aga teadke, et see saab olema selline ja te ei saa seda muuta. Samuti proovige iga p\u00e4ev uusi asju ja leidke kiiresti s\u00f5pru v\u00e4ljaspool vabatahtliku projekti. Need s\u00f5brad aitavad teil hoida t\u00f6\u00f6elu eraldi sotsiaalsest elust.<\/span><span data-ccp-props=\"{&quot;134233118&quot;:false,&quot;201341983&quot;:0,&quot;335551550&quot;:6,&quot;335551620&quot;:6,&quot;335559739&quot;:240,&quot;335559740&quot;:279}\">\u00a0<\/span><\/p>\n<p style=\"text-align: justify\"><b><span data-contrast=\"auto\">\u00dcks s\u00f5na, millega v\u00f5taksid oma vabatahtlikukogemuse kokku?\u00a0<\/span><\/b><span data-ccp-props=\"{&quot;134233118&quot;:false,&quot;201341983&quot;:0,&quot;335551550&quot;:6,&quot;335551620&quot;:6,&quot;335559739&quot;:240,&quot;335559740&quot;:279}\">\u00a0<\/span><\/p>\n<p style=\"text-align: justify\"><span data-contrast=\"auto\">IMELINE<\/span><span data-ccp-props=\"{&quot;134233118&quot;:false,&quot;201341983&quot;:0,&quot;335551550&quot;:6,&quot;335551620&quot;:6,&quot;335559739&quot;:240,&quot;335559740&quot;:279}\">\u00a0<\/span><\/p>\n<p style=\"text-align: justify\"><img loading=\"lazy\" decoding=\"async\" class=\"alignnone wp-image-1501\" src=\"https:\/\/www.nomme.ee\/valdeku-noortekeskus\/wp-content\/uploads\/sites\/3\/2024\/08\/Image-scaled.jpg\" alt=\"\" width=\"384\" height=\"512\" srcset=\"https:\/\/www.nomme.ee\/valdeku-noortekeskus\/wp-content\/uploads\/sites\/3\/2024\/08\/Image-scaled.jpg 1920w, https:\/\/www.nomme.ee\/valdeku-noortekeskus\/wp-content\/uploads\/sites\/3\/2024\/08\/Image-225x300.jpg 225w, https:\/\/www.nomme.ee\/valdeku-noortekeskus\/wp-content\/uploads\/sites\/3\/2024\/08\/Image-768x1024.jpg 768w, https:\/\/www.nomme.ee\/valdeku-noortekeskus\/wp-content\/uploads\/sites\/3\/2024\/08\/Image-1152x1536.jpg 1152w, https:\/\/www.nomme.ee\/valdeku-noortekeskus\/wp-content\/uploads\/sites\/3\/2024\/08\/Image-1536x2048.jpg 1536w, https:\/\/www.nomme.ee\/valdeku-noortekeskus\/wp-content\/uploads\/sites\/3\/2024\/08\/Image-1200x1600.jpg 1200w\" sizes=\"auto, (max-width: 384px) 100vw, 384px\" \/><\/p>\n<p style=\"text-align: justify\"><b><span data-contrast=\"auto\">Kas sul on mingeid l\u00f5ppm\u00f5tteid v\u00f5i s\u00f5numeid noortekeskusele v\u00f5i kohalikule kogukonnale?<\/span><\/b><span data-ccp-props=\"{&quot;134233118&quot;:false,&quot;201341983&quot;:0,&quot;335551550&quot;:6,&quot;335551620&quot;:6,&quot;335559739&quot;:240,&quot;335559740&quot;:279}\">\u00a0<\/span><\/p>\n<p style=\"text-align: justify\"><span data-contrast=\"auto\">Ma t\u00e4nan neid v\u00e4ga ja armastan neid. Ait\u00e4h Eesti. &lt;3<\/span><span data-ccp-props=\"{&quot;134233118&quot;:false,&quot;201341983&quot;:0,&quot;335551550&quot;:6,&quot;335551620&quot;:6,&quot;335559739&quot;:240,&quot;335559740&quot;:279}\">\u00a0<\/span><\/p>\n<hr \/>\n<p style=\"text-align: justify\"><b><span data-contrast=\"auto\">What motivated you to volunteer in Estonia, and how do you feel about that decision now?<\/span><\/b><span data-ccp-props=\"{&quot;201341983&quot;:0,&quot;335559739&quot;:160,&quot;335559740&quot;:279}\">\u00a0<\/span><\/p>\n<p style=\"text-align: justify\"><span data-contrast=\"auto\">First, it was because I finished my studies, and I was really lost in my life. I decided to travel to find a meaning in my life. I was curious to discover new things, new countries and people. I chose Estonia because it was an English-speaking country, and because my English teacher loved this country, so why not? I feel that it was the best decision of my life. It really changed my life and I&#8217;m so happy to be here is Estonia.\u00a0<\/span><span data-ccp-props=\"{&quot;201341983&quot;:0,&quot;335559739&quot;:160,&quot;335559740&quot;:279}\">\u00a0<\/span><\/p>\n<p style=\"text-align: justify\"><b><span data-contrast=\"auto\">How do you think you&#8217;ve grown or changed as a person since you started your volunteering here?<\/span><\/b><span data-ccp-props=\"{&quot;201341983&quot;:0,&quot;335559739&quot;:160,&quot;335559740&quot;:279}\">\u00a0<\/span><\/p>\n<p style=\"text-align: justify\"><span data-contrast=\"auto\">I think I&#8217;m not the same person at all. I arrived here as a really really young adult, not ready for adult life. I still need to learn and improve a lot of things, but I really feel more ready to start adult life and to be a proper human being. Also living alone for the first time helped me a lot to grow up.\u00a0<\/span><span data-ccp-props=\"{&quot;201341983&quot;:0,&quot;335559739&quot;:160,&quot;335559740&quot;:279}\">\u00a0<\/span><\/p>\n<p style=\"text-align: justify\"><b><span data-contrast=\"auto\">Can you share an interesting cultural tradition or aspect of Estonian life that you experienced?<\/span><\/b><span data-ccp-props=\"{&quot;201341983&quot;:0,&quot;335559739&quot;:160,&quot;335559740&quot;:279}\">\u00a0<\/span><\/p>\n<p style=\"text-align: justify\"><span data-contrast=\"auto\">The first thing would be the ritual that everybody does before a football game. Here in Estonia before the start of a football game, there is a ritual that we all need to do. It&#8217;s basically to show respect to the opponent, we also do it at the end. It&#8217;s good but surprising at first.<\/span><span data-ccp-props=\"{&quot;201341983&quot;:0,&quot;335559739&quot;:160,&quot;335559740&quot;:279}\">\u00a0<\/span><\/p>\n<p style=\"text-align: justify\"><span data-contrast=\"auto\">The second thing is ice swimming that I did during winter. AMAZING. I really liked that and I&#8217;m sure I will miss it next winter.<\/span><span data-ccp-props=\"{&quot;201341983&quot;:0,&quot;335559739&quot;:160,&quot;335559740&quot;:279}\">\u00a0<\/span><\/p>\n<p style=\"text-align: justify\"><b><span data-contrast=\"auto\">Can you share a story about how you made a positive impact on someone or something at the youth center?<\/span><\/b><span data-ccp-props=\"{&quot;201341983&quot;:0,&quot;335559739&quot;:160,&quot;335559740&quot;:279}\">\u00a0<\/span><\/p>\n<p style=\"text-align: justify\"><span data-contrast=\"auto\">I don&#8217;t have any precise example, but I always try to smile and do my best for the young people. Some of them are in the time where they are growing up, and I know that this time can be complicated if you are not ready. Thats why I try to do my best by giving advice for their future. I want to be remembered as a good person.\u00a0\u00a0<\/span><span data-ccp-props=\"{&quot;201341983&quot;:0,&quot;335559739&quot;:160,&quot;335559740&quot;:279}\">\u00a0<\/span><\/p>\n<p style=\"text-align: justify\"><b><span data-contrast=\"auto\">What was the biggest challenge you faced during your volunteering service, and how did you overcome it?<\/span><\/b><span data-ccp-props=\"{&quot;201341983&quot;:0,&quot;335559739&quot;:160,&quot;335559740&quot;:279}\">\u00a0<\/span><\/p>\n<p style=\"text-align: justify\"><span data-contrast=\"auto\">At the beginning I think it was the language. Even if my English was not that bad (it was) I remember struggling a lot. The only thing to overcome that was time, listening and learning a lot every day. After that I think it is living in a shared apartment. Some people are not meant to live with other people. I&#8217;m still trying to overcome it, but life is good =)<\/span><span data-ccp-props=\"{&quot;201341983&quot;:0,&quot;335559739&quot;:160,&quot;335559740&quot;:279}\">\u00a0<\/span><\/p>\n<p style=\"text-align: justify\"><b><span data-contrast=\"auto\">If you could go back to the beginning of your service, what advice would you give yourself?<\/span><\/b><span data-ccp-props=\"{&quot;201341983&quot;:0,&quot;335559739&quot;:160,&quot;335559740&quot;:279}\">\u00a0<\/span><\/p>\n<p style=\"text-align: justify\"><span data-contrast=\"auto\">To never doubt myself and maybe to not overthink some things.\u00a0<\/span><span data-ccp-props=\"{&quot;201341983&quot;:0,&quot;335559739&quot;:160,&quot;335559740&quot;:279}\">\u00a0<\/span><\/p>\n<p style=\"text-align: justify\"><b><span data-contrast=\"auto\">What will you miss the most about Estonia?<\/span><\/b><span data-ccp-props=\"{&quot;201341983&quot;:0,&quot;335559739&quot;:160,&quot;335559740&quot;:279}\">\u00a0<\/span><\/p>\n<p style=\"text-align: justify\"><span data-contrast=\"auto\">The family that I made here. My coworkers, who became part of my family. The friends that I made during all my parties. My lifestyle, routine.\u00a0<\/span><span data-ccp-props=\"{&quot;201341983&quot;:0,&quot;335559739&quot;:160,&quot;335559740&quot;:279}\">\u00a0<\/span><\/p>\n<p style=\"text-align: justify\"><b><span data-contrast=\"auto\">How has this experience influenced your future plans or career aspirations?<\/span><\/b><span data-ccp-props=\"{&quot;201341983&quot;:0,&quot;335559739&quot;:160,&quot;335559740&quot;:279}\">\u00a0<\/span><\/p>\n<p style=\"text-align: justify\"><span data-contrast=\"auto\">It helped me to know more about me. I still don&#8217;t know what to do as a living, but I know that I have time and by travelling I will one day find something. I don&#8217;t have this feeling of being completely lost in my life. I&#8217;m sure that life will bring me amazing things on my road.\u00a0<\/span><span data-ccp-props=\"{&quot;201341983&quot;:0,&quot;335559739&quot;:160,&quot;335559740&quot;:279}\">\u00a0<\/span><\/p>\n<p style=\"text-align: justify\"><b><span data-contrast=\"auto\">What advice would you give to future volunteers coming to Estonia?<\/span><\/b><span data-ccp-props=\"{&quot;201341983&quot;:0,&quot;335559739&quot;:160,&quot;335559740&quot;:279}\">\u00a0<\/span><\/p>\n<p style=\"text-align: justify\"><span data-contrast=\"auto\">To be ready of the Estonian weather. Never complain about that but know that it&#8217;s going to be like that, and you cannot change it. Also to try new things every day and to make friends quickly out of the voluntary project. These friends will help you to have a work life separate from your social life.\u00a0<\/span><span data-ccp-props=\"{&quot;201341983&quot;:0,&quot;335559739&quot;:160,&quot;335559740&quot;:279}\">\u00a0<\/span><\/p>\n<p style=\"text-align: justify\"><b><span data-contrast=\"auto\">In one word, how would you sum up your experience?<\/span><\/b><span data-ccp-props=\"{&quot;201341983&quot;:0,&quot;335559739&quot;:160,&quot;335559740&quot;:279}\">\u00a0<\/span><\/p>\n<p style=\"text-align: justify\"><span data-contrast=\"auto\">AMAZING<\/span><span data-ccp-props=\"{&quot;201341983&quot;:0,&quot;335559739&quot;:160,&quot;335559740&quot;:279}\">\u00a0<\/span><\/p>\n<p style=\"text-align: justify\"><b><span data-contrast=\"auto\">Do you have any final thoughts or messages for the youth center or the local community?<\/span><\/b><span data-ccp-props=\"{&quot;201341983&quot;:0,&quot;335559739&quot;:160,&quot;335559740&quot;:279}\">\u00a0<\/span><\/p>\n<p style=\"text-align: justify\"><span data-contrast=\"auto\">That I thank them a lot and I love them. Ait\u00e4h Estonia. &lt;3<\/span><span data-ccp-props=\"{&quot;201341983&quot;:0,&quot;335559739&quot;:160,&quot;335559740&quot;:279}\">\u00a0<\/span><\/p>\n<hr \/>\n<p style=\"text-align: justify\"><em><span class=\"TextRun SCXW198335895 BCX8\" lang=\"ET-EE\" xml:lang=\"ET-EE\" data-contrast=\"auto\"><span class=\"NormalTextRun SCXW198335895 BCX8\">V\u00e4lisvabatahtlikud<\/span><span class=\"NormalTextRun SCXW198335895 BCX8\"> saabuvad Eestisse Euroopa Solidaarsuskorpuse (ESK) projekti raames 11 kuuks, osaledes selle aja jooksul m\u00f5ne endale huvipakkuva asutuse tegevuses. Noortekeskustes on nende \u00fclesanneteks noortega suhtlemine, noorsoot\u00f6\u00f6tajate abistamine ning oma kultuuri tutvustamine huvitegevuste ja \u00fcrituste kaudu.\u00a0<\/span><\/span><span class=\"EOP SCXW198335895 BCX8\" data-ccp-props=\"{&quot;134233117&quot;:true,&quot;134233118&quot;:true,&quot;201341983&quot;:0,&quot;335551550&quot;:6,&quot;335551620&quot;:6,&quot;335559739&quot;:160,&quot;335559740&quot;:240}\">\u00a0<\/span><\/em><\/p>\n","protected":false},"excerpt":{"rendered":"<p>Nii nagu augustikuuga saab l\u00e4bi suvi ja noorte suvine vaheaeg, on l\u00e4bi saamas ka meie v\u00e4lisvabatahtlik Enzo teenistus Valdeku Noortekeskuses. Sel puhul palusime tal oma aastale tagasi vaadata ja vastata m\u00f5nele k\u00fcsimusele. Just as summer and the summer break for young people come to an end in August, so does our foreign volunteer Enzo&#8217;s service [&hellip;]<\/p>\n","protected":false},"author":16,"featured_media":1508,"comment_status":"closed","ping_status":"open","sticky":false,"template":"","format":"standard","meta":{"_acf_changed":false,"footnotes":""},"class_list":["post-1498","post","type-post","status-publish","format-standard","has-post-thumbnail","hentry"],"acf":[],"yoast_head":"<!-- This site is optimized with the Yoast SEO plugin v27.5 - https:\/\/yoast.com\/product\/yoast-seo-wordpress\/ -->\n<title>V\u00e4lisvabatahtlik Enzo tagasivaade aastale &#8211; Valdeku noortekeskus<\/title>\n<meta name=\"robots\" content=\"index, follow, max-snippet:-1, max-image-preview:large, max-video-preview:-1\" \/>\n<link rel=\"canonical\" href=\"https:\/\/www.nomme.ee\/valdeku-noortekeskus\/valisvabatahtlik-enzo-tagasivaade-aastale\/\" \/>\n<meta property=\"og:locale\" content=\"et_EE\" \/>\n<meta property=\"og:type\" content=\"article\" \/>\n<meta property=\"og:title\" content=\"V\u00e4lisvabatahtlik Enzo tagasivaade aastale &#8211; Valdeku noortekeskus\" \/>\n<meta property=\"og:description\" content=\"Nii nagu augustikuuga saab l\u00e4bi suvi ja noorte suvine vaheaeg, on l\u00e4bi saamas ka meie v\u00e4lisvabatahtlik Enzo teenistus Valdeku Noortekeskuses. Sel puhul palusime tal oma aastale tagasi vaadata ja vastata m\u00f5nele k\u00fcsimusele. Just as summer and the summer break for young people come to an end in August, so does our foreign volunteer Enzo&#8217;s service [&hellip;]\" \/>\n<meta property=\"og:url\" content=\"https:\/\/www.nomme.ee\/valdeku-noortekeskus\/valisvabatahtlik-enzo-tagasivaade-aastale\/\" \/>\n<meta property=\"og:site_name\" content=\"Valdeku noortekeskus\" \/>\n<meta property=\"article:published_time\" content=\"2024-08-26T11:23:04+00:00\" \/>\n<meta property=\"article:modified_time\" content=\"2025-04-03T15:05:28+00:00\" \/>\n<meta property=\"og:image\" content=\"https:\/\/www.nomme.ee\/valdeku-noortekeskus\/wp-content\/uploads\/sites\/3\/2024\/08\/IMG_3838-scaled.jpg\" \/>\n\t<meta property=\"og:image:width\" content=\"1920\" \/>\n\t<meta property=\"og:image:height\" content=\"2560\" \/>\n\t<meta property=\"og:image:type\" content=\"image\/jpeg\" \/>\n<meta name=\"author\" content=\"kerttu\" \/>\n<meta name=\"twitter:card\" content=\"summary_large_image\" \/>\n<meta name=\"twitter:label1\" content=\"Written by\" \/>\n\t<meta name=\"twitter:data1\" content=\"kerttu\" \/>\n\t<meta name=\"twitter:label2\" content=\"Est. reading time\" \/>\n\t<meta name=\"twitter:data2\" content=\"9 minutit\" \/>\n<script type=\"application\/ld+json\" class=\"yoast-schema-graph\">{\"@context\":\"https:\\\/\\\/schema.org\",\"@graph\":[{\"@type\":\"Article\",\"@id\":\"https:\\\/\\\/www.nomme.ee\\\/valdeku-noortekeskus\\\/valisvabatahtlik-enzo-tagasivaade-aastale\\\/#article\",\"isPartOf\":{\"@id\":\"https:\\\/\\\/www.nomme.ee\\\/valdeku-noortekeskus\\\/valisvabatahtlik-enzo-tagasivaade-aastale\\\/\"},\"author\":{\"name\":\"kerttu\",\"@id\":\"https:\\\/\\\/www.nomme.ee\\\/valdeku-noortekeskus\\\/#\\\/schema\\\/person\\\/753300bcff272c78ca9d1631a43a97b8\"},\"headline\":\"V\u00e4lisvabatahtlik Enzo tagasivaade aastale\",\"datePublished\":\"2024-08-26T11:23:04+00:00\",\"dateModified\":\"2025-04-03T15:05:28+00:00\",\"mainEntityOfPage\":{\"@id\":\"https:\\\/\\\/www.nomme.ee\\\/valdeku-noortekeskus\\\/valisvabatahtlik-enzo-tagasivaade-aastale\\\/\"},\"wordCount\":1466,\"image\":{\"@id\":\"https:\\\/\\\/www.nomme.ee\\\/valdeku-noortekeskus\\\/valisvabatahtlik-enzo-tagasivaade-aastale\\\/#primaryimage\"},\"thumbnailUrl\":\"https:\\\/\\\/www.nomme.ee\\\/valdeku-noortekeskus\\\/wp-content\\\/uploads\\\/sites\\\/3\\\/2024\\\/08\\\/IMG_3838-scaled.jpg\",\"inLanguage\":\"et\"},{\"@type\":\"WebPage\",\"@id\":\"https:\\\/\\\/www.nomme.ee\\\/valdeku-noortekeskus\\\/valisvabatahtlik-enzo-tagasivaade-aastale\\\/\",\"url\":\"https:\\\/\\\/www.nomme.ee\\\/valdeku-noortekeskus\\\/valisvabatahtlik-enzo-tagasivaade-aastale\\\/\",\"name\":\"V\u00e4lisvabatahtlik Enzo tagasivaade aastale &#8211; Valdeku noortekeskus\",\"isPartOf\":{\"@id\":\"https:\\\/\\\/www.nomme.ee\\\/valdeku-noortekeskus\\\/#website\"},\"primaryImageOfPage\":{\"@id\":\"https:\\\/\\\/www.nomme.ee\\\/valdeku-noortekeskus\\\/valisvabatahtlik-enzo-tagasivaade-aastale\\\/#primaryimage\"},\"image\":{\"@id\":\"https:\\\/\\\/www.nomme.ee\\\/valdeku-noortekeskus\\\/valisvabatahtlik-enzo-tagasivaade-aastale\\\/#primaryimage\"},\"thumbnailUrl\":\"https:\\\/\\\/www.nomme.ee\\\/valdeku-noortekeskus\\\/wp-content\\\/uploads\\\/sites\\\/3\\\/2024\\\/08\\\/IMG_3838-scaled.jpg\",\"datePublished\":\"2024-08-26T11:23:04+00:00\",\"dateModified\":\"2025-04-03T15:05:28+00:00\",\"author\":{\"@id\":\"https:\\\/\\\/www.nomme.ee\\\/valdeku-noortekeskus\\\/#\\\/schema\\\/person\\\/753300bcff272c78ca9d1631a43a97b8\"},\"breadcrumb\":{\"@id\":\"https:\\\/\\\/www.nomme.ee\\\/valdeku-noortekeskus\\\/valisvabatahtlik-enzo-tagasivaade-aastale\\\/#breadcrumb\"},\"inLanguage\":\"et\",\"potentialAction\":[{\"@type\":\"ReadAction\",\"target\":[\"https:\\\/\\\/www.nomme.ee\\\/valdeku-noortekeskus\\\/valisvabatahtlik-enzo-tagasivaade-aastale\\\/\"]}]},{\"@type\":\"ImageObject\",\"inLanguage\":\"et\",\"@id\":\"https:\\\/\\\/www.nomme.ee\\\/valdeku-noortekeskus\\\/valisvabatahtlik-enzo-tagasivaade-aastale\\\/#primaryimage\",\"url\":\"https:\\\/\\\/www.nomme.ee\\\/valdeku-noortekeskus\\\/wp-content\\\/uploads\\\/sites\\\/3\\\/2024\\\/08\\\/IMG_3838-scaled.jpg\",\"contentUrl\":\"https:\\\/\\\/www.nomme.ee\\\/valdeku-noortekeskus\\\/wp-content\\\/uploads\\\/sites\\\/3\\\/2024\\\/08\\\/IMG_3838-scaled.jpg\",\"width\":1920,\"height\":2560},{\"@type\":\"BreadcrumbList\",\"@id\":\"https:\\\/\\\/www.nomme.ee\\\/valdeku-noortekeskus\\\/valisvabatahtlik-enzo-tagasivaade-aastale\\\/#breadcrumb\",\"itemListElement\":[{\"@type\":\"ListItem\",\"position\":1,\"name\":\"N\u00f5mme Vaba Aja Keskus\",\"item\":\"https:\\\/\\\/www.nomme.ee\"},{\"@type\":\"ListItem\",\"position\":2,\"name\":\"Valdeku noortekeskus\",\"item\":\"https:\\\/\\\/www.nomme.ee\\\/valdeku-noortekeskus\\\/\"},{\"@type\":\"ListItem\",\"position\":3,\"name\":\"V\u00e4lisvabatahtlik Enzo tagasivaade aastale\"}]},{\"@type\":\"WebSite\",\"@id\":\"https:\\\/\\\/www.nomme.ee\\\/valdeku-noortekeskus\\\/#website\",\"url\":\"https:\\\/\\\/www.nomme.ee\\\/valdeku-noortekeskus\\\/\",\"name\":\"Valdeku noortekeskus\",\"description\":\"\",\"potentialAction\":[{\"@type\":\"SearchAction\",\"target\":{\"@type\":\"EntryPoint\",\"urlTemplate\":\"https:\\\/\\\/www.nomme.ee\\\/valdeku-noortekeskus\\\/?s={search_term_string}\"},\"query-input\":{\"@type\":\"PropertyValueSpecification\",\"valueRequired\":true,\"valueName\":\"search_term_string\"}}],\"inLanguage\":\"et\"},{\"@type\":\"Person\",\"@id\":\"https:\\\/\\\/www.nomme.ee\\\/valdeku-noortekeskus\\\/#\\\/schema\\\/person\\\/753300bcff272c78ca9d1631a43a97b8\",\"name\":\"kerttu\",\"image\":{\"@type\":\"ImageObject\",\"inLanguage\":\"et\",\"@id\":\"https:\\\/\\\/secure.gravatar.com\\\/avatar\\\/348f2fb70014fc2d0f38193838c9d13e8b24f962c5fe8d7e7f0d1a5b440d8aa4?s=96&d=mm&r=g\",\"url\":\"https:\\\/\\\/secure.gravatar.com\\\/avatar\\\/348f2fb70014fc2d0f38193838c9d13e8b24f962c5fe8d7e7f0d1a5b440d8aa4?s=96&d=mm&r=g\",\"contentUrl\":\"https:\\\/\\\/secure.gravatar.com\\\/avatar\\\/348f2fb70014fc2d0f38193838c9d13e8b24f962c5fe8d7e7f0d1a5b440d8aa4?s=96&d=mm&r=g\",\"caption\":\"kerttu\"}}]}<\/script>\n<!-- \/ Yoast SEO plugin. -->","yoast_head_json":{"title":"V\u00e4lisvabatahtlik Enzo tagasivaade aastale &#8211; Valdeku noortekeskus","robots":{"index":"index","follow":"follow","max-snippet":"max-snippet:-1","max-image-preview":"max-image-preview:large","max-video-preview":"max-video-preview:-1"},"canonical":"https:\/\/www.nomme.ee\/valdeku-noortekeskus\/valisvabatahtlik-enzo-tagasivaade-aastale\/","og_locale":"et_EE","og_type":"article","og_title":"V\u00e4lisvabatahtlik Enzo tagasivaade aastale &#8211; Valdeku noortekeskus","og_description":"Nii nagu augustikuuga saab l\u00e4bi suvi ja noorte suvine vaheaeg, on l\u00e4bi saamas ka meie v\u00e4lisvabatahtlik Enzo teenistus Valdeku Noortekeskuses. Sel puhul palusime tal oma aastale tagasi vaadata ja vastata m\u00f5nele k\u00fcsimusele. Just as summer and the summer break for young people come to an end in August, so does our foreign volunteer Enzo&#8217;s service [&hellip;]","og_url":"https:\/\/www.nomme.ee\/valdeku-noortekeskus\/valisvabatahtlik-enzo-tagasivaade-aastale\/","og_site_name":"Valdeku noortekeskus","article_published_time":"2024-08-26T11:23:04+00:00","article_modified_time":"2025-04-03T15:05:28+00:00","og_image":[{"width":1920,"height":2560,"url":"https:\/\/www.nomme.ee\/valdeku-noortekeskus\/wp-content\/uploads\/sites\/3\/2024\/08\/IMG_3838-scaled.jpg","type":"image\/jpeg"}],"author":"kerttu","twitter_card":"summary_large_image","twitter_misc":{"Written by":"kerttu","Est. reading time":"9 minutit"},"schema":{"@context":"https:\/\/schema.org","@graph":[{"@type":"Article","@id":"https:\/\/www.nomme.ee\/valdeku-noortekeskus\/valisvabatahtlik-enzo-tagasivaade-aastale\/#article","isPartOf":{"@id":"https:\/\/www.nomme.ee\/valdeku-noortekeskus\/valisvabatahtlik-enzo-tagasivaade-aastale\/"},"author":{"name":"kerttu","@id":"https:\/\/www.nomme.ee\/valdeku-noortekeskus\/#\/schema\/person\/753300bcff272c78ca9d1631a43a97b8"},"headline":"V\u00e4lisvabatahtlik Enzo tagasivaade aastale","datePublished":"2024-08-26T11:23:04+00:00","dateModified":"2025-04-03T15:05:28+00:00","mainEntityOfPage":{"@id":"https:\/\/www.nomme.ee\/valdeku-noortekeskus\/valisvabatahtlik-enzo-tagasivaade-aastale\/"},"wordCount":1466,"image":{"@id":"https:\/\/www.nomme.ee\/valdeku-noortekeskus\/valisvabatahtlik-enzo-tagasivaade-aastale\/#primaryimage"},"thumbnailUrl":"https:\/\/www.nomme.ee\/valdeku-noortekeskus\/wp-content\/uploads\/sites\/3\/2024\/08\/IMG_3838-scaled.jpg","inLanguage":"et"},{"@type":"WebPage","@id":"https:\/\/www.nomme.ee\/valdeku-noortekeskus\/valisvabatahtlik-enzo-tagasivaade-aastale\/","url":"https:\/\/www.nomme.ee\/valdeku-noortekeskus\/valisvabatahtlik-enzo-tagasivaade-aastale\/","name":"V\u00e4lisvabatahtlik Enzo tagasivaade aastale &#8211; Valdeku noortekeskus","isPartOf":{"@id":"https:\/\/www.nomme.ee\/valdeku-noortekeskus\/#website"},"primaryImageOfPage":{"@id":"https:\/\/www.nomme.ee\/valdeku-noortekeskus\/valisvabatahtlik-enzo-tagasivaade-aastale\/#primaryimage"},"image":{"@id":"https:\/\/www.nomme.ee\/valdeku-noortekeskus\/valisvabatahtlik-enzo-tagasivaade-aastale\/#primaryimage"},"thumbnailUrl":"https:\/\/www.nomme.ee\/valdeku-noortekeskus\/wp-content\/uploads\/sites\/3\/2024\/08\/IMG_3838-scaled.jpg","datePublished":"2024-08-26T11:23:04+00:00","dateModified":"2025-04-03T15:05:28+00:00","author":{"@id":"https:\/\/www.nomme.ee\/valdeku-noortekeskus\/#\/schema\/person\/753300bcff272c78ca9d1631a43a97b8"},"breadcrumb":{"@id":"https:\/\/www.nomme.ee\/valdeku-noortekeskus\/valisvabatahtlik-enzo-tagasivaade-aastale\/#breadcrumb"},"inLanguage":"et","potentialAction":[{"@type":"ReadAction","target":["https:\/\/www.nomme.ee\/valdeku-noortekeskus\/valisvabatahtlik-enzo-tagasivaade-aastale\/"]}]},{"@type":"ImageObject","inLanguage":"et","@id":"https:\/\/www.nomme.ee\/valdeku-noortekeskus\/valisvabatahtlik-enzo-tagasivaade-aastale\/#primaryimage","url":"https:\/\/www.nomme.ee\/valdeku-noortekeskus\/wp-content\/uploads\/sites\/3\/2024\/08\/IMG_3838-scaled.jpg","contentUrl":"https:\/\/www.nomme.ee\/valdeku-noortekeskus\/wp-content\/uploads\/sites\/3\/2024\/08\/IMG_3838-scaled.jpg","width":1920,"height":2560},{"@type":"BreadcrumbList","@id":"https:\/\/www.nomme.ee\/valdeku-noortekeskus\/valisvabatahtlik-enzo-tagasivaade-aastale\/#breadcrumb","itemListElement":[{"@type":"ListItem","position":1,"name":"N\u00f5mme Vaba Aja Keskus","item":"https:\/\/www.nomme.ee"},{"@type":"ListItem","position":2,"name":"Valdeku noortekeskus","item":"https:\/\/www.nomme.ee\/valdeku-noortekeskus\/"},{"@type":"ListItem","position":3,"name":"V\u00e4lisvabatahtlik Enzo tagasivaade aastale"}]},{"@type":"WebSite","@id":"https:\/\/www.nomme.ee\/valdeku-noortekeskus\/#website","url":"https:\/\/www.nomme.ee\/valdeku-noortekeskus\/","name":"Valdeku noortekeskus","description":"","potentialAction":[{"@type":"SearchAction","target":{"@type":"EntryPoint","urlTemplate":"https:\/\/www.nomme.ee\/valdeku-noortekeskus\/?s={search_term_string}"},"query-input":{"@type":"PropertyValueSpecification","valueRequired":true,"valueName":"search_term_string"}}],"inLanguage":"et"},{"@type":"Person","@id":"https:\/\/www.nomme.ee\/valdeku-noortekeskus\/#\/schema\/person\/753300bcff272c78ca9d1631a43a97b8","name":"kerttu","image":{"@type":"ImageObject","inLanguage":"et","@id":"https:\/\/secure.gravatar.com\/avatar\/348f2fb70014fc2d0f38193838c9d13e8b24f962c5fe8d7e7f0d1a5b440d8aa4?s=96&d=mm&r=g","url":"https:\/\/secure.gravatar.com\/avatar\/348f2fb70014fc2d0f38193838c9d13e8b24f962c5fe8d7e7f0d1a5b440d8aa4?s=96&d=mm&r=g","contentUrl":"https:\/\/secure.gravatar.com\/avatar\/348f2fb70014fc2d0f38193838c9d13e8b24f962c5fe8d7e7f0d1a5b440d8aa4?s=96&d=mm&r=g","caption":"kerttu"}}]}},"_links":{"self":[{"href":"https:\/\/www.nomme.ee\/valdeku-noortekeskus\/wp-json\/wp\/v2\/posts\/1498","targetHints":{"allow":["GET"]}}],"collection":[{"href":"https:\/\/www.nomme.ee\/valdeku-noortekeskus\/wp-json\/wp\/v2\/posts"}],"about":[{"href":"https:\/\/www.nomme.ee\/valdeku-noortekeskus\/wp-json\/wp\/v2\/types\/post"}],"author":[{"embeddable":true,"href":"https:\/\/www.nomme.ee\/valdeku-noortekeskus\/wp-json\/wp\/v2\/users\/16"}],"replies":[{"embeddable":true,"href":"https:\/\/www.nomme.ee\/valdeku-noortekeskus\/wp-json\/wp\/v2\/comments?post=1498"}],"version-history":[{"count":5,"href":"https:\/\/www.nomme.ee\/valdeku-noortekeskus\/wp-json\/wp\/v2\/posts\/1498\/revisions"}],"predecessor-version":[{"id":1507,"href":"https:\/\/www.nomme.ee\/valdeku-noortekeskus\/wp-json\/wp\/v2\/posts\/1498\/revisions\/1507"}],"wp:featuredmedia":[{"embeddable":true,"href":"https:\/\/www.nomme.ee\/valdeku-noortekeskus\/wp-json\/wp\/v2\/media\/1508"}],"wp:attachment":[{"href":"https:\/\/www.nomme.ee\/valdeku-noortekeskus\/wp-json\/wp\/v2\/media?parent=1498"}],"curies":[{"name":"wp","href":"https:\/\/api.w.org\/{rel}","templated":true}]}}