{"id":1638,"date":"2024-11-06T18:42:50","date_gmt":"2024-11-06T18:42:50","guid":{"rendered":"https:\/\/www.nomme.ee\/valdeku-noortekeskus\/?p=1638"},"modified":"2025-04-03T15:04:21","modified_gmt":"2025-04-03T15:04:21","slug":"saage-tuttavaks-meie-praktikandiga-ludwig-sommer-est-eng","status":"publish","type":"post","link":"https:\/\/www.nomme.ee\/valdeku-noortekeskus\/saage-tuttavaks-meie-praktikandiga-ludwig-sommer-est-eng\/","title":{"rendered":"Saage tuttavaks meie praktikandiga: Ludwig Sommer EST\/ENG"},"content":{"rendered":"<p>Lisaks v\u00e4lisvabatahtlikule on meil hea meel tervitada oma tiimis praktikanti, Ludwig Sommerit! Viimati k\u00e4is meil seda t\u00fc\u00fcpi praktikant aastal 2019.<\/p>\n<p>Meie praktikant Ludwig Sommer on Eestis rahvusvahelise ERASMUS+ praktikaprogrammi raames, mille k\u00e4igus saavad saksa PiA-\u00f5pilased \u2013 eelkoolikasvatajad ja noorsoot\u00f6\u00f6tajad \u2013 v\u00f5imaluse arendada oma teadmisi ja oskusi 8 n\u00e4dala jooksul. Praktika toimub 28. oktoobrist kuni 20. detsembrini 2024 ning selle eesm\u00e4rk on pakkuda tudengitele erinevaid hariduslikke kogemusi, sh v\u00f5imalust t\u00f6\u00f6tada \u00fcle 6-aastaste laste ja noortega.<\/p>\n<p>Ludwig on juba teisel kursusel ning praktiseerib Saksamaal lasteaia\u00f5petajana. Selle praktika raames saab ta tutvuda uute noorte ja lastekasvatuse s\u00fcsteemidega Euroopas, arendada oma suhtlus- ja probleemilahendusoskusi ning laiendada oma perspektiivi, t\u00f6\u00f6tades multikultuurses keskkonnas. Praktilised \u00fclesanded keskenduvad laste ja noorte tundma\u00f5ppimisele, nende arenguvajaduste j\u00e4lgimisele ning \u00f5petamiskogemuste rakendamisele noorsoot\u00f6\u00f6s.<\/p>\n<p>Esimesel n\u00e4dalal toimub sisseelamine, mille k\u00e4igus kogutakse infot, vahetatakse ootusi ning planeeritakse koost\u00f6\u00f6d. Praktika jooksul j\u00e4lgib ja anal\u00fc\u00fcsib Ludwig laste ning noorte k\u00e4itumist ja huvisid, tuginedes teooriatele, mida ta on \u00f5ppinud. Lisaks osaleb ta vaba aja tegevustes, v\u00f5ttes vastutuse v\u00e4iksemate gruppide eest ja korraldades hariduslikke tegevusi.<\/p>\n<p>Praktika l\u00f5pus on Ludwigil kohustus t\u00e4ita Erasmus+ projekti l\u00f5ppk\u00fcsitlus ja kajastada oma \u00f5ppimise teekonda, mis aitab tal arendada oma oskusi ja valmistuda edukaks karj\u00e4\u00e4riks lasteaia- v\u00f5i noorsoot\u00f6\u00f6tajana.<\/p>\n<p>Tutvustame meie uusimat liiget ja k\u00fcsisime temalt m\u00f5ned k\u00fcsimused:<\/p>\n<ul>\n<li><strong>Mis inspireeris sind Valdeku Noortekeskuses praktikat tegema ja mida lood siin \u00f5ppida?<\/strong><\/li>\n<\/ul>\n<p>Minu ametialases hariduses \u00f5petajana on mul v\u00f5imalus k\u00fclastada teisi sotsiaalhoolekande* valdkondi, noorsoot\u00f6\u00f6 on mulle alati tundunud v\u00e4ga p\u00f5nev ja oluline. Kuna mul on v\u00f5imalus teha praktikat ka v\u00e4lismaal, tahtsin kasutada seda v\u00f5imalust ja k\u00fclastada samal ajal Eestit. Olen aastaid soovinud k\u00fclastada Balti riike, tutvuda nende kultuuri ja inimestega. Loodan, et praktika jooksul saan tutvuda N\u00f5mme noortega, kogeda nende hobisid ja igap\u00e4evaelu ning \u00f5ppida neilt midagi. Samuti tahan teada saada, kuidas Eestis noori koheldakse ja toetatakse, milliseid suuniseid j\u00e4rgitakse ning kuidas pedagoogiliselt t\u00f6\u00f6tatakse.<\/p>\n<p><em>*Saksamaal kuulub noorsoot\u00f6\u00f6 sotsiaalvaldkonda, Eestis haridusvaldkonda.<\/em><\/p>\n<ul>\n<li><strong>Kuidas kirjeldaksid oma karj\u00e4\u00e4rieesm\u00e4rke ja kuidas n\u00e4ed, et see praktika aitab sul neid saavutada?<\/strong><\/li>\n<\/ul>\n<p>Ma ei taha olla rikas, v\u00e4ga kuulus ega edukas suures ettev\u00f5ttes. Ma tahan noori toetada. Noored on meie tulevik, seet\u00f5ttu tuleb neid toetada just sellisel viisil, nagu nad seda vajavad. Soovin \u00f5ppida Eesti noorsoot\u00f6\u00f6 kontseptsioonilt ja rakendada h\u00e4id ideid oma t\u00f6\u00f6s kodus.<br \/>\nMinu elu eesm\u00e4rk on omada suurt kinnistut, kus elavad k\u00f5ik mu s\u00f5brad ja nende pered. V\u00e4ikeses k\u00fclas, metsade ja m\u00e4gede l\u00e4hedal. Meil on oma aed, kus on palju k\u00f6\u00f6givilju, meil on viljapuud, ehitame v\u00e4ikese tiigi, v\u00f5ib-olla on meil oma kanad. Meie lapsed ja lapselapsed kasvavad koos. See on meie unistus ja me p\u00fcrgime selle poole, meid kutsutakse StammAssis\u2019teks!<\/p>\n<ul>\n<li><strong>Mis Valdeku Noortekeskuse korralduses on sinu jaoks k\u00f5ige p\u00f5nevam?<\/strong><\/li>\n<\/ul>\n<p>Iga-aastase tegevusplaani kontseptsioon ja selle eesm\u00e4rgid.<\/p>\n<ul>\n<li><strong>Mis on olnud k\u00f5ige p\u00f5nevam v\u00f5i \u00fcllatavam asi, mida siin oled \u00f5ppinud?<\/strong><\/li>\n<\/ul>\n<p>Noortele pakutav l\u00f5dvestunud \u00f5hkkond ja vabadus. See on tervislik koht, kus nad saavad end turvaliselt tunda ja saada vajalikku abi, kui seda vajavad. Saksamaal on palju keeldu ja suuniseid, mis m\u00f5nikord v\u00f5etakse liiga t\u00f5siselt ja piiravad noorte vabadust.<\/p>\n<ul>\n<li><strong>Kuidas kirjeldaksid oma ideaalset t\u00f6\u00f6p\u00e4eva? Millised \u00fclesanded v\u00f5i tegevused toovad sulle k\u00f5ige rohkem r\u00f5\u00f5mu?<\/strong><\/li>\n<\/ul>\n<p>Aeglased hommikud kontoris, \u00fcrituste ettevalmistus v\u00f5i noortele m\u00f5eldud eesm\u00e4rkide seadmise aeg.<br \/>\nP\u00e4rastl\u00f5unad: Paljud noored naudivad \u00fchiseid \u00fcritusi, nad v\u00f5tavad vastutuse ja organiseerivad end ise. Me anname neile v\u00f5imaluse realiseerida oma ideid. K\u00f5ik saavad m\u00f5nusalt aega veeta, hoolivad \u00fcksteisest ja l\u00e4hevad koju \u00f5nnelikuna.<\/p>\n<ul>\n<li><strong>Kas on mingi oskus v\u00f5i teadmiste valdkond, mida lood praktika jooksul arendada?<\/strong><\/li>\n<\/ul>\n<p>Soovin parandada oma inglise keele oskust, leida uusi s\u00f5pru ja proovida paremini end kehtestada, olles samal ajal s\u00f5bralik ja autentne.<\/p>\n<ul>\n<li><strong>Milliseid hobisid v\u00f5i tegevusi naudid v\u00e4ljaspool oma t\u00f6\u00f6d meiega?<\/strong><\/li>\n<\/ul>\n<p>Olen suur fotograafia, kunsti ja matkamise f\u00e4nn. Mulle meeldib tutvuda uute kultuuride ja eluviisidega. Samuti armastan \u00f6\u00f6elu ja j\u00e4rgnevate p\u00e4ikeset\u00f5usude nautimist. Kui ma ei taha kodust v\u00e4lja minna, m\u00e4ngin videom\u00e4nge, joonistan tobedaid asju, kirjutan oma p\u00e4evikusse v\u00f5i r\u00e4\u00e4gin s\u00f5pradega telefonis. Kokkuv\u00f5ttes olen rahulik inimene, mul on vaja oma l\u00f5\u00f5gastusruumi. Kuid samal ajal armastan olla s\u00f5pradega.<\/p>\n<ul>\n<li><strong>Kui saaksid vahetada rolli kellegagi Valdeku Noortekeskuses \u00fcheks p\u00e4evaks, keda valiksid ja miks?<\/strong><\/li>\n<\/ul>\n<p>Valiksin noore rolli. Ma arvan, et on lihtsalt l\u00f5bus veeta p\u00e4rastl\u00f5una siin noortekeskuses. Sul on nii palju v\u00f5imalusi, saad m\u00e4ngida s\u00f5pradega, sul on palju asju, mida kodus pole, ja sul on alati t\u00e4iskasvanu, kes toetab sind k\u00f5iges ja mis k\u00f5ige t\u00e4htsam \u2013 ei m\u00f5ista sind hukka. Soovin, et mul oleks olnud midagi sellist oma lapsep\u00f5lves.<\/p>\n<ul>\n<li><strong>Kas sul on mingeid eeskujusid v\u00f5i inspiratsiooniallikaid, mis on m\u00f5jutanud su arengut?<\/strong><\/li>\n<\/ul>\n<p>Kindlasti minu vanemad, nad on k\u00f5ige paremad inimesed, keda ma tunnen. Varem tegin palju tobedaid asju, ma isegi vihkasin neid. Kuid nad ei andnud kunagi minuga alla, kuigi neil oli selleks piisavalt p\u00f5hjuseid. Samuti mu s\u00f5brad. Nad n\u00e4itasid mulle s\u00f5pruse, elu, maailma ja armastuse ilu. Ilma nendeta oleksin oma v\u00e4ikeses k\u00fclas m\u00e4danenud kibedusse.<\/p>\n<ul>\n<li><strong>Mis on olnud k\u00f5ige v\u00e4\u00e4rtuslikum t\u00f6\u00f6- v\u00f5i elukogemus, mis on kujundanud sind selliseks, nagu sa t\u00e4na oled?<\/strong><\/li>\n<\/ul>\n<p>Erinevad t\u00f6\u00f6alased kogemused, mis mul on olnud. P\u00e4rast kooli tegin ma vabatahtliku sotsiaalteenistuse aastal lasteaias, koolitasin ennast fotograafiks, tegin aasta koolis, et saada parem kraad kunsti erialal, olin vaheaastal, t\u00f6\u00f6tasin \u00f5lleaias ja metallitehases, et teenida piisavalt raha, et reisida kehks kuuks Taisse, siis l\u00e4ksin \u00fclikooli ja \u00f5ppisin p\u00f5llumajandusbioloogiat, selleks kolisin esmakordselt teise linna. Siis alustasin lasteaiakasvatajana \u00f5ppimist teises linnas.<br \/>\nOlen l\u00e4bi teinud ka suure isikliku arengu. Lastep\u00f5lves olin ma hoopis teine inimene, halbade s\u00f5prade ja tobedate \u201chobi\u201ddega. Kahek\u00fcmnendates alustasin \u00e4rkamist, leidsin t\u00f5elisi s\u00f5pru ja l\u00f5in tervisliku suhte iseenda ja maailmaga.<\/p>\n<p>Ludwigist saad rohkem teada kui meile k\u00fclla tuled E-R 13.00-17.00. Ludwig on kuni 20.12.2024 Eestis. Tule ja m\u00e4ngi temaga lauam\u00e4ngu v\u00f5i kohtu temaga hoopis juba j\u00e4rgmisel n\u00e4dalal toimuva Noorsoot\u00f6\u00f6 n\u00e4dala raames. Ludwig lubas 15.11 p\u00e4eva planeerimise enda peale v\u00f5tta ja t\u00f5otab tulle \u00fcks tore p\u00e4ev. Ait\u00e4h Ludwig, et valisid meid \ud83d\ude42<br \/>\n_______________________________________<\/p>\n<p>In addition to our foreign volunteer, we are pleased to welcome our intern, Ludwig Sommer, to our team! The last time we had this type of intern was back in 2019.<\/p>\n<p>Our intern, Ludwig Sommer, is in Estonia as part of the international ERASMUS+ internship program, which offers German PiA students \u2013 future preschool teachers and youth workers \u2013 the opportunity to develop their knowledge and skills over 8 weeks. The internship runs from October 28 to December 20, 2024, and its goal is to provide students with various educational experiences, including the chance to work with children and young people over the age of 6.<\/p>\n<p>Ludwig is already in his second year and is currently training as a kindergarten teacher in Germany. During this internship, he will explore new youth and early childhood education systems in Europe, develop his communication and problem-solving skills, and broaden his perspective by working in a multicultural environment. The practical tasks focus on getting to know children and young people, observing their developmental needs, and applying teaching experiences in youth work.<\/p>\n<p>The first week will be dedicated to orientation, gathering information, exchanging expectations, and planning collaboration. During the internship, Ludwig will observe and analyze the behavior and interests of children and young people based on the theories he has learned. Additionally, he will participate in leisure activities, take responsibility for smaller groups, and organize educational activities.<\/p>\n<p>At the end of the internship, Ludwig is required to complete the Erasmus+ project final survey and reflect on his learning journey, helping him develop his skills and prepare for a successful career as a preschool teacher or youth worker.<\/p>\n<p>We are excited to introduce our team member and asked him a few questions:<\/p>\n<ul>\n<li><strong>What inspired you to join our organization as an intern, and what do you hope <\/strong><strong>to learn here?<\/strong><\/li>\n<\/ul>\n<p>In my vocational training as an educator, I have the opportunity to visit another field of social work, youth work always sounded very exciting and important to me. As I am also allowed to do this internship abroad, I wanted to take the opportunity to visit Estonia at the same time. For years I have wanted to visit the Baltic countries and get to know their culture and people. I hope that during this time I can get to know the young people of N\u00f5mme, experience their hobbies and everyday life and learn something from them. I also want to find out how people in Estonia treat and<br \/>\nsupport their young people, what guidelines they follow and how they work pedagogically.<\/p>\n<ul>\n<li><strong>How would you describe your career goals, and how do you see this internship helping you reach them?<\/strong><\/li>\n<\/ul>\n<p>I don&#8217;t want to be rich, I don&#8217;t want to be very famous or successful in a big company. I want to support young people. Young people are our future, so we need to support them in the way they need it. I want to learn from the Estonian youth work concept and incorporate the good ideas into my work at home.<\/p>\n<p>My goal in life is to have a large property where all my friends and their families live. In a small village, near the forest and mountains. We&#8217;ll have our own garden with lots of vegetables, we&#8217;ll have fruit trees, we&#8217;ll build a small pond, maybe have our own chickens. Our children and grandchildren will grow up together. That is our dream and we will pursue it, we are called the StammAssis!<\/p>\n<ul>\n<li><strong>What topics within our organization\u2019s mission excite you the most?<\/strong><\/li>\n<\/ul>\n<p>The Concept of an Action Plan each year and its goals.<\/p>\n<ul>\n<li><strong>What has been the most exciting or surprising thing you\u2019ve learned here so <\/strong><strong>far?<\/strong><\/li>\n<\/ul>\n<p>The relaxed atmosphere and freedom offered to young people here. It&#8217;s a healthy place where they can feel safe and get help when they need it. In Germany, there are many prohibitions and guidelines that are sometimes taken too seriously and therefore restrict the freedom of young people.<\/p>\n<p><strong>How would you describe your ideal workday? What tasks or activities bring you the most joy?<\/strong><\/p>\n<p>Slow mornings with office time, preparation of events or goals for young people.<\/p>\n<p>Afternoons: Many young people enjoy a joint event, they take responsibility and organize themselves. We offer them the opportunity to realize their ideas. Everyone has a good time, looks after each other and goes home happy.<\/p>\n<ul>\n<li><strong>Is there a particular skill or area of knowledge you\u2019re hoping to develop during this internship?<\/strong><\/li>\n<\/ul>\n<p>I want to improve my English, make new friends and try to enforce rules and prohibitions better while remaining friendly and authentic.<\/p>\n<ul>\n<li><strong>What hobbies or activities do you enjoy outside of your work with us? Is there something that would help others get to know you better?<\/strong><\/li>\n<\/ul>\n<p>I am a big fan of photography, art and hiking. I love getting to know new cultures and ways of life. I also love the nightlife and the sunrises that follow. When I don&#8217;t want to leave the house, I play video games, doodle silly things, write in my diary or talk to friends on the phone. All in all, I&#8217;m a quiet person, I need my relaxation space. But at the same time, I love being with friends.<\/p>\n<ul>\n<li><strong>If you could switch roles with someone in our organization for a day, who would you choose and why?<\/strong><\/li>\n<\/ul>\n<p>I would choose the role of a youngster. I think it&#8217;s just fun to spend the afternoons here at this center. You have so many opportunities, you can play with friends, you have lots of things you don&#8217;t have at home and you always have an adult who supports you in everything and, most importantly, doesn&#8217;t judge you. I wish I&#8217;d had something like that in my own childhood.<\/p>\n<ul>\n<li><strong>Do you have any role models or sources of inspiration that have influenced <\/strong><strong>your growth?<\/strong><\/li>\n<\/ul>\n<p>Definitely my parents, they are the greatest people I know. I used to do a lot of stupid things, I even hated them. But they didn&#8217;t give up on me, even though they had plenty of reasons to do so. My friends too. They showed me the glory of friendship, of life, of the world and of love. Without them, I would have rotted bitterly in my little village.<\/p>\n<ul>\n<li><strong>What has been the most valuable work or life experience that has shaped who you are today?<\/strong><\/li>\n<\/ul>\n<p>The different work experiences I&#8217;ve had in my life. After school I did a voluntary social year in a kindergarten, I trained as a photographer, I did a year at school for a better degree with a focus on art, I did a gap year in which I worked in a beer garden and in a metal factory, so I had enough money to travel around Thailand for two months with a backpack and hammock, then I went to university and studied agricultural biology, for that I moved to another city for the first time. I then started training as a nursery teacher in a kindergarten in another city. Also I have undergone a great deal of personal development. In my childhood I was a different person, with bad friends and stupid \u201chobbies\u201d. In my twenties I started to wake up, I found real friends and started to have a healthy relationship with myself and the world.<\/p>\n<p>You can learn more about Ludwig by visiting us Monday to Friday, from 13:00 to 17:00. Ludwig will be in Estonia until December 20, 2024. Come and play a board game with him or meet him during the upcoming Youth Work Week next week. Ludwig has promised to take over the planning for November 15th and promises it will be a great day. Thank you, Ludwig, for choosing us \ud83d\ude42<\/p>\n","protected":false},"excerpt":{"rendered":"<p>Lisaks v\u00e4lisvabatahtlikule on meil hea meel tervitada oma tiimis praktikanti, Ludwig Sommerit! Viimati k\u00e4is meil seda t\u00fc\u00fcpi praktikant aastal 2019. Meie praktikant Ludwig Sommer on Eestis rahvusvahelise ERASMUS+ praktikaprogrammi raames, mille k\u00e4igus saavad saksa PiA-\u00f5pilased \u2013 eelkoolikasvatajad ja noorsoot\u00f6\u00f6tajad \u2013 v\u00f5imaluse arendada oma teadmisi ja oskusi 8 n\u00e4dala jooksul. Praktika toimub 28. oktoobrist kuni 20. [&hellip;]<\/p>\n","protected":false},"author":13,"featured_media":1639,"comment_status":"closed","ping_status":"open","sticky":false,"template":"","format":"standard","meta":{"_acf_changed":false,"footnotes":""},"class_list":["post-1638","post","type-post","status-publish","format-standard","has-post-thumbnail","hentry"],"acf":[],"yoast_head":"<!-- This site is optimized with the Yoast SEO plugin v27.5 - https:\/\/yoast.com\/product\/yoast-seo-wordpress\/ -->\n<title>Saage tuttavaks meie praktikandiga: Ludwig Sommer EST\/ENG &#8211; Valdeku noortekeskus<\/title>\n<meta name=\"robots\" content=\"index, follow, max-snippet:-1, max-image-preview:large, max-video-preview:-1\" \/>\n<link rel=\"canonical\" href=\"https:\/\/www.nomme.ee\/valdeku-noortekeskus\/saage-tuttavaks-meie-praktikandiga-ludwig-sommer-est-eng\/\" \/>\n<meta property=\"og:locale\" content=\"et_EE\" \/>\n<meta property=\"og:type\" content=\"article\" \/>\n<meta property=\"og:title\" content=\"Saage tuttavaks meie praktikandiga: Ludwig Sommer EST\/ENG &#8211; Valdeku noortekeskus\" \/>\n<meta property=\"og:description\" content=\"Lisaks v\u00e4lisvabatahtlikule on meil hea meel tervitada oma tiimis praktikanti, Ludwig Sommerit! Viimati k\u00e4is meil seda t\u00fc\u00fcpi praktikant aastal 2019. Meie praktikant Ludwig Sommer on Eestis rahvusvahelise ERASMUS+ praktikaprogrammi raames, mille k\u00e4igus saavad saksa PiA-\u00f5pilased \u2013 eelkoolikasvatajad ja noorsoot\u00f6\u00f6tajad \u2013 v\u00f5imaluse arendada oma teadmisi ja oskusi 8 n\u00e4dala jooksul. Praktika toimub 28. oktoobrist kuni 20. [&hellip;]\" \/>\n<meta property=\"og:url\" content=\"https:\/\/www.nomme.ee\/valdeku-noortekeskus\/saage-tuttavaks-meie-praktikandiga-ludwig-sommer-est-eng\/\" \/>\n<meta property=\"og:site_name\" content=\"Valdeku noortekeskus\" \/>\n<meta property=\"article:published_time\" content=\"2024-11-06T18:42:50+00:00\" \/>\n<meta property=\"article:modified_time\" content=\"2025-04-03T15:04:21+00:00\" \/>\n<meta property=\"og:image\" content=\"https:\/\/www.nomme.ee\/valdeku-noortekeskus\/wp-content\/uploads\/sites\/3\/2024\/11\/Untitled-design-7-576x1024.png\" \/>\n\t<meta property=\"og:image:width\" content=\"576\" \/>\n\t<meta property=\"og:image:height\" content=\"1024\" \/>\n\t<meta property=\"og:image:type\" content=\"image\/png\" \/>\n<meta name=\"author\" content=\"evely\" \/>\n<meta name=\"twitter:card\" content=\"summary_large_image\" \/>\n<meta name=\"twitter:label1\" content=\"Written by\" \/>\n\t<meta name=\"twitter:data1\" content=\"evely\" \/>\n\t<meta name=\"twitter:label2\" content=\"Est. reading time\" \/>\n\t<meta name=\"twitter:data2\" content=\"13 minutit\" \/>\n<script type=\"application\/ld+json\" class=\"yoast-schema-graph\">{\"@context\":\"https:\\\/\\\/schema.org\",\"@graph\":[{\"@type\":\"Article\",\"@id\":\"https:\\\/\\\/www.nomme.ee\\\/valdeku-noortekeskus\\\/saage-tuttavaks-meie-praktikandiga-ludwig-sommer-est-eng\\\/#article\",\"isPartOf\":{\"@id\":\"https:\\\/\\\/www.nomme.ee\\\/valdeku-noortekeskus\\\/saage-tuttavaks-meie-praktikandiga-ludwig-sommer-est-eng\\\/\"},\"author\":{\"name\":\"evely\",\"@id\":\"https:\\\/\\\/www.nomme.ee\\\/valdeku-noortekeskus\\\/#\\\/schema\\\/person\\\/6f7e185fd2e8a2f1334d20f6045b57d1\"},\"headline\":\"Saage tuttavaks meie praktikandiga: Ludwig Sommer EST\\\/ENG\",\"datePublished\":\"2024-11-06T18:42:50+00:00\",\"dateModified\":\"2025-04-03T15:04:21+00:00\",\"mainEntityOfPage\":{\"@id\":\"https:\\\/\\\/www.nomme.ee\\\/valdeku-noortekeskus\\\/saage-tuttavaks-meie-praktikandiga-ludwig-sommer-est-eng\\\/\"},\"wordCount\":2376,\"image\":{\"@id\":\"https:\\\/\\\/www.nomme.ee\\\/valdeku-noortekeskus\\\/saage-tuttavaks-meie-praktikandiga-ludwig-sommer-est-eng\\\/#primaryimage\"},\"thumbnailUrl\":\"https:\\\/\\\/www.nomme.ee\\\/valdeku-noortekeskus\\\/wp-content\\\/uploads\\\/sites\\\/3\\\/2024\\\/11\\\/Untitled-design-7.png\",\"inLanguage\":\"et\"},{\"@type\":\"WebPage\",\"@id\":\"https:\\\/\\\/www.nomme.ee\\\/valdeku-noortekeskus\\\/saage-tuttavaks-meie-praktikandiga-ludwig-sommer-est-eng\\\/\",\"url\":\"https:\\\/\\\/www.nomme.ee\\\/valdeku-noortekeskus\\\/saage-tuttavaks-meie-praktikandiga-ludwig-sommer-est-eng\\\/\",\"name\":\"Saage tuttavaks meie praktikandiga: Ludwig Sommer EST\\\/ENG &#8211; Valdeku noortekeskus\",\"isPartOf\":{\"@id\":\"https:\\\/\\\/www.nomme.ee\\\/valdeku-noortekeskus\\\/#website\"},\"primaryImageOfPage\":{\"@id\":\"https:\\\/\\\/www.nomme.ee\\\/valdeku-noortekeskus\\\/saage-tuttavaks-meie-praktikandiga-ludwig-sommer-est-eng\\\/#primaryimage\"},\"image\":{\"@id\":\"https:\\\/\\\/www.nomme.ee\\\/valdeku-noortekeskus\\\/saage-tuttavaks-meie-praktikandiga-ludwig-sommer-est-eng\\\/#primaryimage\"},\"thumbnailUrl\":\"https:\\\/\\\/www.nomme.ee\\\/valdeku-noortekeskus\\\/wp-content\\\/uploads\\\/sites\\\/3\\\/2024\\\/11\\\/Untitled-design-7.png\",\"datePublished\":\"2024-11-06T18:42:50+00:00\",\"dateModified\":\"2025-04-03T15:04:21+00:00\",\"author\":{\"@id\":\"https:\\\/\\\/www.nomme.ee\\\/valdeku-noortekeskus\\\/#\\\/schema\\\/person\\\/6f7e185fd2e8a2f1334d20f6045b57d1\"},\"breadcrumb\":{\"@id\":\"https:\\\/\\\/www.nomme.ee\\\/valdeku-noortekeskus\\\/saage-tuttavaks-meie-praktikandiga-ludwig-sommer-est-eng\\\/#breadcrumb\"},\"inLanguage\":\"et\",\"potentialAction\":[{\"@type\":\"ReadAction\",\"target\":[\"https:\\\/\\\/www.nomme.ee\\\/valdeku-noortekeskus\\\/saage-tuttavaks-meie-praktikandiga-ludwig-sommer-est-eng\\\/\"]}]},{\"@type\":\"ImageObject\",\"inLanguage\":\"et\",\"@id\":\"https:\\\/\\\/www.nomme.ee\\\/valdeku-noortekeskus\\\/saage-tuttavaks-meie-praktikandiga-ludwig-sommer-est-eng\\\/#primaryimage\",\"url\":\"https:\\\/\\\/www.nomme.ee\\\/valdeku-noortekeskus\\\/wp-content\\\/uploads\\\/sites\\\/3\\\/2024\\\/11\\\/Untitled-design-7.png\",\"contentUrl\":\"https:\\\/\\\/www.nomme.ee\\\/valdeku-noortekeskus\\\/wp-content\\\/uploads\\\/sites\\\/3\\\/2024\\\/11\\\/Untitled-design-7.png\",\"width\":1080,\"height\":1920},{\"@type\":\"BreadcrumbList\",\"@id\":\"https:\\\/\\\/www.nomme.ee\\\/valdeku-noortekeskus\\\/saage-tuttavaks-meie-praktikandiga-ludwig-sommer-est-eng\\\/#breadcrumb\",\"itemListElement\":[{\"@type\":\"ListItem\",\"position\":1,\"name\":\"N\u00f5mme Vaba Aja Keskus\",\"item\":\"https:\\\/\\\/www.nomme.ee\"},{\"@type\":\"ListItem\",\"position\":2,\"name\":\"Valdeku noortekeskus\",\"item\":\"https:\\\/\\\/www.nomme.ee\\\/valdeku-noortekeskus\\\/\"},{\"@type\":\"ListItem\",\"position\":3,\"name\":\"Saage tuttavaks meie praktikandiga: Ludwig Sommer EST\\\/ENG\"}]},{\"@type\":\"WebSite\",\"@id\":\"https:\\\/\\\/www.nomme.ee\\\/valdeku-noortekeskus\\\/#website\",\"url\":\"https:\\\/\\\/www.nomme.ee\\\/valdeku-noortekeskus\\\/\",\"name\":\"Valdeku noortekeskus\",\"description\":\"\",\"potentialAction\":[{\"@type\":\"SearchAction\",\"target\":{\"@type\":\"EntryPoint\",\"urlTemplate\":\"https:\\\/\\\/www.nomme.ee\\\/valdeku-noortekeskus\\\/?s={search_term_string}\"},\"query-input\":{\"@type\":\"PropertyValueSpecification\",\"valueRequired\":true,\"valueName\":\"search_term_string\"}}],\"inLanguage\":\"et\"},{\"@type\":\"Person\",\"@id\":\"https:\\\/\\\/www.nomme.ee\\\/valdeku-noortekeskus\\\/#\\\/schema\\\/person\\\/6f7e185fd2e8a2f1334d20f6045b57d1\",\"name\":\"evely\",\"image\":{\"@type\":\"ImageObject\",\"inLanguage\":\"et\",\"@id\":\"https:\\\/\\\/secure.gravatar.com\\\/avatar\\\/078c31344894356ce0a57060da9c9bd4504cb0152d7670f30a9253ac111bfd4f?s=96&d=mm&r=g\",\"url\":\"https:\\\/\\\/secure.gravatar.com\\\/avatar\\\/078c31344894356ce0a57060da9c9bd4504cb0152d7670f30a9253ac111bfd4f?s=96&d=mm&r=g\",\"contentUrl\":\"https:\\\/\\\/secure.gravatar.com\\\/avatar\\\/078c31344894356ce0a57060da9c9bd4504cb0152d7670f30a9253ac111bfd4f?s=96&d=mm&r=g\",\"caption\":\"evely\"}}]}<\/script>\n<!-- \/ Yoast SEO plugin. -->","yoast_head_json":{"title":"Saage tuttavaks meie praktikandiga: Ludwig Sommer EST\/ENG &#8211; Valdeku noortekeskus","robots":{"index":"index","follow":"follow","max-snippet":"max-snippet:-1","max-image-preview":"max-image-preview:large","max-video-preview":"max-video-preview:-1"},"canonical":"https:\/\/www.nomme.ee\/valdeku-noortekeskus\/saage-tuttavaks-meie-praktikandiga-ludwig-sommer-est-eng\/","og_locale":"et_EE","og_type":"article","og_title":"Saage tuttavaks meie praktikandiga: Ludwig Sommer EST\/ENG &#8211; Valdeku noortekeskus","og_description":"Lisaks v\u00e4lisvabatahtlikule on meil hea meel tervitada oma tiimis praktikanti, Ludwig Sommerit! Viimati k\u00e4is meil seda t\u00fc\u00fcpi praktikant aastal 2019. Meie praktikant Ludwig Sommer on Eestis rahvusvahelise ERASMUS+ praktikaprogrammi raames, mille k\u00e4igus saavad saksa PiA-\u00f5pilased \u2013 eelkoolikasvatajad ja noorsoot\u00f6\u00f6tajad \u2013 v\u00f5imaluse arendada oma teadmisi ja oskusi 8 n\u00e4dala jooksul. Praktika toimub 28. oktoobrist kuni 20. [&hellip;]","og_url":"https:\/\/www.nomme.ee\/valdeku-noortekeskus\/saage-tuttavaks-meie-praktikandiga-ludwig-sommer-est-eng\/","og_site_name":"Valdeku noortekeskus","article_published_time":"2024-11-06T18:42:50+00:00","article_modified_time":"2025-04-03T15:04:21+00:00","og_image":[{"width":576,"height":1024,"url":"https:\/\/www.nomme.ee\/valdeku-noortekeskus\/wp-content\/uploads\/sites\/3\/2024\/11\/Untitled-design-7-576x1024.png","type":"image\/png"}],"author":"evely","twitter_card":"summary_large_image","twitter_misc":{"Written by":"evely","Est. reading time":"13 minutit"},"schema":{"@context":"https:\/\/schema.org","@graph":[{"@type":"Article","@id":"https:\/\/www.nomme.ee\/valdeku-noortekeskus\/saage-tuttavaks-meie-praktikandiga-ludwig-sommer-est-eng\/#article","isPartOf":{"@id":"https:\/\/www.nomme.ee\/valdeku-noortekeskus\/saage-tuttavaks-meie-praktikandiga-ludwig-sommer-est-eng\/"},"author":{"name":"evely","@id":"https:\/\/www.nomme.ee\/valdeku-noortekeskus\/#\/schema\/person\/6f7e185fd2e8a2f1334d20f6045b57d1"},"headline":"Saage tuttavaks meie praktikandiga: Ludwig Sommer EST\/ENG","datePublished":"2024-11-06T18:42:50+00:00","dateModified":"2025-04-03T15:04:21+00:00","mainEntityOfPage":{"@id":"https:\/\/www.nomme.ee\/valdeku-noortekeskus\/saage-tuttavaks-meie-praktikandiga-ludwig-sommer-est-eng\/"},"wordCount":2376,"image":{"@id":"https:\/\/www.nomme.ee\/valdeku-noortekeskus\/saage-tuttavaks-meie-praktikandiga-ludwig-sommer-est-eng\/#primaryimage"},"thumbnailUrl":"https:\/\/www.nomme.ee\/valdeku-noortekeskus\/wp-content\/uploads\/sites\/3\/2024\/11\/Untitled-design-7.png","inLanguage":"et"},{"@type":"WebPage","@id":"https:\/\/www.nomme.ee\/valdeku-noortekeskus\/saage-tuttavaks-meie-praktikandiga-ludwig-sommer-est-eng\/","url":"https:\/\/www.nomme.ee\/valdeku-noortekeskus\/saage-tuttavaks-meie-praktikandiga-ludwig-sommer-est-eng\/","name":"Saage tuttavaks meie praktikandiga: Ludwig Sommer EST\/ENG &#8211; Valdeku noortekeskus","isPartOf":{"@id":"https:\/\/www.nomme.ee\/valdeku-noortekeskus\/#website"},"primaryImageOfPage":{"@id":"https:\/\/www.nomme.ee\/valdeku-noortekeskus\/saage-tuttavaks-meie-praktikandiga-ludwig-sommer-est-eng\/#primaryimage"},"image":{"@id":"https:\/\/www.nomme.ee\/valdeku-noortekeskus\/saage-tuttavaks-meie-praktikandiga-ludwig-sommer-est-eng\/#primaryimage"},"thumbnailUrl":"https:\/\/www.nomme.ee\/valdeku-noortekeskus\/wp-content\/uploads\/sites\/3\/2024\/11\/Untitled-design-7.png","datePublished":"2024-11-06T18:42:50+00:00","dateModified":"2025-04-03T15:04:21+00:00","author":{"@id":"https:\/\/www.nomme.ee\/valdeku-noortekeskus\/#\/schema\/person\/6f7e185fd2e8a2f1334d20f6045b57d1"},"breadcrumb":{"@id":"https:\/\/www.nomme.ee\/valdeku-noortekeskus\/saage-tuttavaks-meie-praktikandiga-ludwig-sommer-est-eng\/#breadcrumb"},"inLanguage":"et","potentialAction":[{"@type":"ReadAction","target":["https:\/\/www.nomme.ee\/valdeku-noortekeskus\/saage-tuttavaks-meie-praktikandiga-ludwig-sommer-est-eng\/"]}]},{"@type":"ImageObject","inLanguage":"et","@id":"https:\/\/www.nomme.ee\/valdeku-noortekeskus\/saage-tuttavaks-meie-praktikandiga-ludwig-sommer-est-eng\/#primaryimage","url":"https:\/\/www.nomme.ee\/valdeku-noortekeskus\/wp-content\/uploads\/sites\/3\/2024\/11\/Untitled-design-7.png","contentUrl":"https:\/\/www.nomme.ee\/valdeku-noortekeskus\/wp-content\/uploads\/sites\/3\/2024\/11\/Untitled-design-7.png","width":1080,"height":1920},{"@type":"BreadcrumbList","@id":"https:\/\/www.nomme.ee\/valdeku-noortekeskus\/saage-tuttavaks-meie-praktikandiga-ludwig-sommer-est-eng\/#breadcrumb","itemListElement":[{"@type":"ListItem","position":1,"name":"N\u00f5mme Vaba Aja Keskus","item":"https:\/\/www.nomme.ee"},{"@type":"ListItem","position":2,"name":"Valdeku noortekeskus","item":"https:\/\/www.nomme.ee\/valdeku-noortekeskus\/"},{"@type":"ListItem","position":3,"name":"Saage tuttavaks meie praktikandiga: Ludwig Sommer EST\/ENG"}]},{"@type":"WebSite","@id":"https:\/\/www.nomme.ee\/valdeku-noortekeskus\/#website","url":"https:\/\/www.nomme.ee\/valdeku-noortekeskus\/","name":"Valdeku noortekeskus","description":"","potentialAction":[{"@type":"SearchAction","target":{"@type":"EntryPoint","urlTemplate":"https:\/\/www.nomme.ee\/valdeku-noortekeskus\/?s={search_term_string}"},"query-input":{"@type":"PropertyValueSpecification","valueRequired":true,"valueName":"search_term_string"}}],"inLanguage":"et"},{"@type":"Person","@id":"https:\/\/www.nomme.ee\/valdeku-noortekeskus\/#\/schema\/person\/6f7e185fd2e8a2f1334d20f6045b57d1","name":"evely","image":{"@type":"ImageObject","inLanguage":"et","@id":"https:\/\/secure.gravatar.com\/avatar\/078c31344894356ce0a57060da9c9bd4504cb0152d7670f30a9253ac111bfd4f?s=96&d=mm&r=g","url":"https:\/\/secure.gravatar.com\/avatar\/078c31344894356ce0a57060da9c9bd4504cb0152d7670f30a9253ac111bfd4f?s=96&d=mm&r=g","contentUrl":"https:\/\/secure.gravatar.com\/avatar\/078c31344894356ce0a57060da9c9bd4504cb0152d7670f30a9253ac111bfd4f?s=96&d=mm&r=g","caption":"evely"}}]}},"_links":{"self":[{"href":"https:\/\/www.nomme.ee\/valdeku-noortekeskus\/wp-json\/wp\/v2\/posts\/1638","targetHints":{"allow":["GET"]}}],"collection":[{"href":"https:\/\/www.nomme.ee\/valdeku-noortekeskus\/wp-json\/wp\/v2\/posts"}],"about":[{"href":"https:\/\/www.nomme.ee\/valdeku-noortekeskus\/wp-json\/wp\/v2\/types\/post"}],"author":[{"embeddable":true,"href":"https:\/\/www.nomme.ee\/valdeku-noortekeskus\/wp-json\/wp\/v2\/users\/13"}],"replies":[{"embeddable":true,"href":"https:\/\/www.nomme.ee\/valdeku-noortekeskus\/wp-json\/wp\/v2\/comments?post=1638"}],"version-history":[{"count":4,"href":"https:\/\/www.nomme.ee\/valdeku-noortekeskus\/wp-json\/wp\/v2\/posts\/1638\/revisions"}],"predecessor-version":[{"id":1643,"href":"https:\/\/www.nomme.ee\/valdeku-noortekeskus\/wp-json\/wp\/v2\/posts\/1638\/revisions\/1643"}],"wp:featuredmedia":[{"embeddable":true,"href":"https:\/\/www.nomme.ee\/valdeku-noortekeskus\/wp-json\/wp\/v2\/media\/1639"}],"wp:attachment":[{"href":"https:\/\/www.nomme.ee\/valdeku-noortekeskus\/wp-json\/wp\/v2\/media?parent=1638"}],"curies":[{"name":"wp","href":"https:\/\/api.w.org\/{rel}","templated":true}]}}