{"id":1840,"date":"2025-01-30T11:53:29","date_gmt":"2025-01-30T11:53:29","guid":{"rendered":"https:\/\/www.nomme.ee\/valdeku-noortekeskus\/?p=1840"},"modified":"2025-04-03T15:03:38","modified_gmt":"2025-04-03T15:03:38","slug":"31-01-2025-lopetab-tegevuse-manniku-noortetuba","status":"publish","type":"post","link":"https:\/\/www.nomme.ee\/valdeku-noortekeskus\/31-01-2025-lopetab-tegevuse-manniku-noortetuba\/","title":{"rendered":"31.01.2025 l\u00f5petab tegevuse M\u00e4nniku Noortetuba"},"content":{"rendered":"<p><strong>2020. aasta s\u00fcgisel<\/strong> avasime <strong>Valdeku Noortekeskuse <\/strong>alt filiaali M\u00e4nniku Noortetuba (E-N kell 16.00\u201320.00), et pakkuda lisatuge just M\u00e4nniku piirkonna noortele. Seda tegime peamiselt kahel p\u00f5hjusel: <strong>linnatranspordi s\u00fcsteem ei toeta selle piirkonna noorte liikumist<\/strong> Valdeku v\u00f5i P\u00e4\u00e4sk\u00fcla Noortekeskustesse ning tol ajal oli <strong>aktiivne noortegrupp<\/strong>, kes soovis noortetoa toimimisse panustada.<\/p>\n<p>Sellest ajast saadik on M\u00e4nniku Noortetoas k\u00e4inud <strong>\u00fcle 200 noore<\/strong> ning meil on olnud suur r\u00f5\u00f5m pakkuda neile <strong>turvalist keskkonda, koolivaheaja programme, v\u00e4ljas\u00f5ite ja v\u00f5imalust omaalgatuseks ning huvitegevuseks<\/strong>.<\/p>\n<p>M\u00e4nniku Noortetoa s\u00fcdameks on olnud noorsoot\u00f6\u00f6taja Irina Kevel, kes alustas oma noorsoot\u00f6\u00f6d just M\u00e4nnikul. 20 aastat tagasi avas ta seal M\u00e4nniku Noortekeskuse, mist\u00f5ttu on Irina seotus selle piirkonnaga olnud eriline. T\u00e4na on meie staa\u017eikaim noorsoot\u00f6\u00f6taja valmis v\u00f5tma vastu uusi v\u00e4ljakutseid ning seet\u00f5ttu oleme otsustanud M\u00e4nniku Noortetoa tegevuse l\u00f5petada. Valdeku Noortekeskus on aja jooksul palju kasvanud ja arenenud, ning n\u00fc\u00fcd oleme veendunud, et vajame kogu, seni kahe maja vahel jagatud, ressurssi taas Valdekus.<\/p>\n<p>Kuigi M\u00e4nniku Noortetuba l\u00f5petab tegevuse, ei j\u00e4\u00e4 M\u00e4nniku piirkonna noored siiski ilma tegevustest! Noored saavad j\u00e4tkuvalt osaleda mitmesugustes programmides ja tegevustes meie l\u00e4hedal asuvates Valdeku ja P\u00e4\u00e4sk\u00fcla Noortekeskustes. Valdeku Noortekeskus, mis asub Noortetoast vaid l\u00fchikese bussis\u00f5idu ja\/v\u00f5i jalutusk\u00e4igu kaugusel (Valdeku 13), pakub mitmekesiseid v\u00f5imalusi enesearenguks, omaalgatuseks ja loomulikult lauam\u00e4ngude \u00f5ppimiseks. P\u00e4\u00e4sk\u00fcla Noortekeskus (R\u00e4nnaku pst 1) on samuti avatud k\u00f5igile noortele, kes otsivad toetavat keskkonda ja p\u00f5nevaid tegevusi. P\u00e4\u00e4sk\u00fcla on omakorda ekstreemspordi s\u00f5prade jaoks t\u00f5eline meka. Lisaks soovitame noortel uurida ka teiste Tallinna ja l\u00e4hi\u00fcmbruse noortekeskuste tegevusi.<\/p>\n<p>Noortekeskused Tallinnas:<br \/>\n<span style=\"color: #ff6600\"><strong><a style=\"color: #ff6600\" href=\"https:\/\/www.tallinn.ee\/et\/noorteinfo\/noortekeskused-tallinnas\">https:\/\/www.tallinn.ee\/et\/noorteinfo\/noortekeskused-tallinnas<\/a><\/strong><\/span><\/p>\n<p>Laagri Noortetuba:<\/p>\n<p><strong><span style=\"color: #ff6600\"><a style=\"color: #ff6600\" href=\"http:\/\/www.sauenoortekeskus.ee\">www.sauenoortekeskus.ee<\/a><\/span><\/strong><\/p>\n<p>Rae Noortekeskus:<\/p>\n<p><span style=\"color: #ff6600\"><strong><a style=\"color: #ff6600\" href=\"https:\/\/raenoortekeskus.ee\/\">https:\/\/raenoortekeskus.ee\/<\/a><\/strong><\/span><\/p>\n<p>T\u00e4name k\u00f5iki, kes on olnud osa M\u00e4nniku Noortetoast. Kutsume k\u00f5iki noori Valdeku ja P\u00e4\u00e4sk\u00fcla noortekeskustesse.<\/p>\n","protected":false},"excerpt":{"rendered":"<p>2020. aasta s\u00fcgisel avasime Valdeku Noortekeskuse alt filiaali M\u00e4nniku Noortetuba (E-N kell 16.00\u201320.00), et pakkuda lisatuge just M\u00e4nniku piirkonna noortele. Seda tegime peamiselt kahel p\u00f5hjusel: linnatranspordi s\u00fcsteem ei toeta selle piirkonna noorte liikumist Valdeku v\u00f5i P\u00e4\u00e4sk\u00fcla Noortekeskustesse ning tol ajal oli aktiivne noortegrupp, kes soovis noortetoa toimimisse panustada. Sellest ajast saadik on M\u00e4nniku Noortetoas k\u00e4inud [&hellip;]<\/p>\n","protected":false},"author":13,"featured_media":1841,"comment_status":"closed","ping_status":"open","sticky":false,"template":"","format":"standard","meta":{"_acf_changed":false,"footnotes":""},"class_list":["post-1840","post","type-post","status-publish","format-standard","has-post-thumbnail","hentry"],"acf":[],"yoast_head":"<!-- This site is optimized with the Yoast SEO plugin v27.5 - https:\/\/yoast.com\/product\/yoast-seo-wordpress\/ -->\n<title>31.01.2025 l\u00f5petab tegevuse M\u00e4nniku Noortetuba &#8211; Valdeku noortekeskus<\/title>\n<meta name=\"robots\" content=\"index, follow, max-snippet:-1, max-image-preview:large, max-video-preview:-1\" \/>\n<link rel=\"canonical\" href=\"https:\/\/www.nomme.ee\/valdeku-noortekeskus\/31-01-2025-lopetab-tegevuse-manniku-noortetuba\/\" \/>\n<meta property=\"og:locale\" content=\"et_EE\" \/>\n<meta property=\"og:type\" content=\"article\" \/>\n<meta property=\"og:title\" content=\"31.01.2025 l\u00f5petab tegevuse M\u00e4nniku Noortetuba &#8211; Valdeku noortekeskus\" \/>\n<meta property=\"og:description\" content=\"2020. aasta s\u00fcgisel avasime Valdeku Noortekeskuse alt filiaali M\u00e4nniku Noortetuba (E-N kell 16.00\u201320.00), et pakkuda lisatuge just M\u00e4nniku piirkonna noortele. Seda tegime peamiselt kahel p\u00f5hjusel: linnatranspordi s\u00fcsteem ei toeta selle piirkonna noorte liikumist Valdeku v\u00f5i P\u00e4\u00e4sk\u00fcla Noortekeskustesse ning tol ajal oli aktiivne noortegrupp, kes soovis noortetoa toimimisse panustada. Sellest ajast saadik on M\u00e4nniku Noortetoas k\u00e4inud [&hellip;]\" \/>\n<meta property=\"og:url\" content=\"https:\/\/www.nomme.ee\/valdeku-noortekeskus\/31-01-2025-lopetab-tegevuse-manniku-noortetuba\/\" \/>\n<meta property=\"og:site_name\" content=\"Valdeku noortekeskus\" \/>\n<meta property=\"article:published_time\" content=\"2025-01-30T11:53:29+00:00\" \/>\n<meta property=\"article:modified_time\" content=\"2025-04-03T15:03:38+00:00\" \/>\n<meta property=\"og:image\" content=\"https:\/\/www.nomme.ee\/valdeku-noortekeskus\/wp-content\/uploads\/sites\/3\/2025\/01\/IMG_6056-e1738234308758.jpg\" \/>\n\t<meta property=\"og:image:width\" content=\"663\" \/>\n\t<meta property=\"og:image:height\" content=\"744\" \/>\n\t<meta property=\"og:image:type\" content=\"image\/jpeg\" \/>\n<meta name=\"author\" content=\"evely\" \/>\n<meta name=\"twitter:card\" content=\"summary_large_image\" \/>\n<meta name=\"twitter:label1\" content=\"Written by\" \/>\n\t<meta name=\"twitter:data1\" content=\"evely\" \/>\n\t<meta name=\"twitter:label2\" content=\"Est. reading time\" \/>\n\t<meta name=\"twitter:data2\" content=\"2 minutit\" \/>\n<script type=\"application\/ld+json\" class=\"yoast-schema-graph\">{\"@context\":\"https:\\\/\\\/schema.org\",\"@graph\":[{\"@type\":\"Article\",\"@id\":\"https:\\\/\\\/www.nomme.ee\\\/valdeku-noortekeskus\\\/31-01-2025-lopetab-tegevuse-manniku-noortetuba\\\/#article\",\"isPartOf\":{\"@id\":\"https:\\\/\\\/www.nomme.ee\\\/valdeku-noortekeskus\\\/31-01-2025-lopetab-tegevuse-manniku-noortetuba\\\/\"},\"author\":{\"name\":\"evely\",\"@id\":\"https:\\\/\\\/www.nomme.ee\\\/valdeku-noortekeskus\\\/#\\\/schema\\\/person\\\/6f7e185fd2e8a2f1334d20f6045b57d1\"},\"headline\":\"31.01.2025 l\u00f5petab tegevuse M\u00e4nniku Noortetuba\",\"datePublished\":\"2025-01-30T11:53:29+00:00\",\"dateModified\":\"2025-04-03T15:03:38+00:00\",\"mainEntityOfPage\":{\"@id\":\"https:\\\/\\\/www.nomme.ee\\\/valdeku-noortekeskus\\\/31-01-2025-lopetab-tegevuse-manniku-noortetuba\\\/\"},\"wordCount\":329,\"image\":{\"@id\":\"https:\\\/\\\/www.nomme.ee\\\/valdeku-noortekeskus\\\/31-01-2025-lopetab-tegevuse-manniku-noortetuba\\\/#primaryimage\"},\"thumbnailUrl\":\"https:\\\/\\\/www.nomme.ee\\\/valdeku-noortekeskus\\\/wp-content\\\/uploads\\\/sites\\\/3\\\/2025\\\/01\\\/IMG_6056-e1738234308758.jpg\",\"inLanguage\":\"et\"},{\"@type\":\"WebPage\",\"@id\":\"https:\\\/\\\/www.nomme.ee\\\/valdeku-noortekeskus\\\/31-01-2025-lopetab-tegevuse-manniku-noortetuba\\\/\",\"url\":\"https:\\\/\\\/www.nomme.ee\\\/valdeku-noortekeskus\\\/31-01-2025-lopetab-tegevuse-manniku-noortetuba\\\/\",\"name\":\"31.01.2025 l\u00f5petab tegevuse M\u00e4nniku Noortetuba &#8211; Valdeku noortekeskus\",\"isPartOf\":{\"@id\":\"https:\\\/\\\/www.nomme.ee\\\/valdeku-noortekeskus\\\/#website\"},\"primaryImageOfPage\":{\"@id\":\"https:\\\/\\\/www.nomme.ee\\\/valdeku-noortekeskus\\\/31-01-2025-lopetab-tegevuse-manniku-noortetuba\\\/#primaryimage\"},\"image\":{\"@id\":\"https:\\\/\\\/www.nomme.ee\\\/valdeku-noortekeskus\\\/31-01-2025-lopetab-tegevuse-manniku-noortetuba\\\/#primaryimage\"},\"thumbnailUrl\":\"https:\\\/\\\/www.nomme.ee\\\/valdeku-noortekeskus\\\/wp-content\\\/uploads\\\/sites\\\/3\\\/2025\\\/01\\\/IMG_6056-e1738234308758.jpg\",\"datePublished\":\"2025-01-30T11:53:29+00:00\",\"dateModified\":\"2025-04-03T15:03:38+00:00\",\"author\":{\"@id\":\"https:\\\/\\\/www.nomme.ee\\\/valdeku-noortekeskus\\\/#\\\/schema\\\/person\\\/6f7e185fd2e8a2f1334d20f6045b57d1\"},\"breadcrumb\":{\"@id\":\"https:\\\/\\\/www.nomme.ee\\\/valdeku-noortekeskus\\\/31-01-2025-lopetab-tegevuse-manniku-noortetuba\\\/#breadcrumb\"},\"inLanguage\":\"et\",\"potentialAction\":[{\"@type\":\"ReadAction\",\"target\":[\"https:\\\/\\\/www.nomme.ee\\\/valdeku-noortekeskus\\\/31-01-2025-lopetab-tegevuse-manniku-noortetuba\\\/\"]}]},{\"@type\":\"ImageObject\",\"inLanguage\":\"et\",\"@id\":\"https:\\\/\\\/www.nomme.ee\\\/valdeku-noortekeskus\\\/31-01-2025-lopetab-tegevuse-manniku-noortetuba\\\/#primaryimage\",\"url\":\"https:\\\/\\\/www.nomme.ee\\\/valdeku-noortekeskus\\\/wp-content\\\/uploads\\\/sites\\\/3\\\/2025\\\/01\\\/IMG_6056-e1738234308758.jpg\",\"contentUrl\":\"https:\\\/\\\/www.nomme.ee\\\/valdeku-noortekeskus\\\/wp-content\\\/uploads\\\/sites\\\/3\\\/2025\\\/01\\\/IMG_6056-e1738234308758.jpg\",\"width\":663,\"height\":744},{\"@type\":\"BreadcrumbList\",\"@id\":\"https:\\\/\\\/www.nomme.ee\\\/valdeku-noortekeskus\\\/31-01-2025-lopetab-tegevuse-manniku-noortetuba\\\/#breadcrumb\",\"itemListElement\":[{\"@type\":\"ListItem\",\"position\":1,\"name\":\"N\u00f5mme Vaba Aja Keskus\",\"item\":\"https:\\\/\\\/www.nomme.ee\"},{\"@type\":\"ListItem\",\"position\":2,\"name\":\"Valdeku noortekeskus\",\"item\":\"https:\\\/\\\/www.nomme.ee\\\/valdeku-noortekeskus\\\/\"},{\"@type\":\"ListItem\",\"position\":3,\"name\":\"31.01.2025 l\u00f5petab tegevuse M\u00e4nniku Noortetuba\"}]},{\"@type\":\"WebSite\",\"@id\":\"https:\\\/\\\/www.nomme.ee\\\/valdeku-noortekeskus\\\/#website\",\"url\":\"https:\\\/\\\/www.nomme.ee\\\/valdeku-noortekeskus\\\/\",\"name\":\"Valdeku noortekeskus\",\"description\":\"\",\"potentialAction\":[{\"@type\":\"SearchAction\",\"target\":{\"@type\":\"EntryPoint\",\"urlTemplate\":\"https:\\\/\\\/www.nomme.ee\\\/valdeku-noortekeskus\\\/?s={search_term_string}\"},\"query-input\":{\"@type\":\"PropertyValueSpecification\",\"valueRequired\":true,\"valueName\":\"search_term_string\"}}],\"inLanguage\":\"et\"},{\"@type\":\"Person\",\"@id\":\"https:\\\/\\\/www.nomme.ee\\\/valdeku-noortekeskus\\\/#\\\/schema\\\/person\\\/6f7e185fd2e8a2f1334d20f6045b57d1\",\"name\":\"evely\",\"image\":{\"@type\":\"ImageObject\",\"inLanguage\":\"et\",\"@id\":\"https:\\\/\\\/secure.gravatar.com\\\/avatar\\\/078c31344894356ce0a57060da9c9bd4504cb0152d7670f30a9253ac111bfd4f?s=96&d=mm&r=g\",\"url\":\"https:\\\/\\\/secure.gravatar.com\\\/avatar\\\/078c31344894356ce0a57060da9c9bd4504cb0152d7670f30a9253ac111bfd4f?s=96&d=mm&r=g\",\"contentUrl\":\"https:\\\/\\\/secure.gravatar.com\\\/avatar\\\/078c31344894356ce0a57060da9c9bd4504cb0152d7670f30a9253ac111bfd4f?s=96&d=mm&r=g\",\"caption\":\"evely\"}}]}<\/script>\n<!-- \/ Yoast SEO plugin. -->","yoast_head_json":{"title":"31.01.2025 l\u00f5petab tegevuse M\u00e4nniku Noortetuba &#8211; Valdeku noortekeskus","robots":{"index":"index","follow":"follow","max-snippet":"max-snippet:-1","max-image-preview":"max-image-preview:large","max-video-preview":"max-video-preview:-1"},"canonical":"https:\/\/www.nomme.ee\/valdeku-noortekeskus\/31-01-2025-lopetab-tegevuse-manniku-noortetuba\/","og_locale":"et_EE","og_type":"article","og_title":"31.01.2025 l\u00f5petab tegevuse M\u00e4nniku Noortetuba &#8211; Valdeku noortekeskus","og_description":"2020. aasta s\u00fcgisel avasime Valdeku Noortekeskuse alt filiaali M\u00e4nniku Noortetuba (E-N kell 16.00\u201320.00), et pakkuda lisatuge just M\u00e4nniku piirkonna noortele. Seda tegime peamiselt kahel p\u00f5hjusel: linnatranspordi s\u00fcsteem ei toeta selle piirkonna noorte liikumist Valdeku v\u00f5i P\u00e4\u00e4sk\u00fcla Noortekeskustesse ning tol ajal oli aktiivne noortegrupp, kes soovis noortetoa toimimisse panustada. Sellest ajast saadik on M\u00e4nniku Noortetoas k\u00e4inud [&hellip;]","og_url":"https:\/\/www.nomme.ee\/valdeku-noortekeskus\/31-01-2025-lopetab-tegevuse-manniku-noortetuba\/","og_site_name":"Valdeku noortekeskus","article_published_time":"2025-01-30T11:53:29+00:00","article_modified_time":"2025-04-03T15:03:38+00:00","og_image":[{"width":663,"height":744,"url":"https:\/\/www.nomme.ee\/valdeku-noortekeskus\/wp-content\/uploads\/sites\/3\/2025\/01\/IMG_6056-e1738234308758.jpg","type":"image\/jpeg"}],"author":"evely","twitter_card":"summary_large_image","twitter_misc":{"Written by":"evely","Est. reading time":"2 minutit"},"schema":{"@context":"https:\/\/schema.org","@graph":[{"@type":"Article","@id":"https:\/\/www.nomme.ee\/valdeku-noortekeskus\/31-01-2025-lopetab-tegevuse-manniku-noortetuba\/#article","isPartOf":{"@id":"https:\/\/www.nomme.ee\/valdeku-noortekeskus\/31-01-2025-lopetab-tegevuse-manniku-noortetuba\/"},"author":{"name":"evely","@id":"https:\/\/www.nomme.ee\/valdeku-noortekeskus\/#\/schema\/person\/6f7e185fd2e8a2f1334d20f6045b57d1"},"headline":"31.01.2025 l\u00f5petab tegevuse M\u00e4nniku Noortetuba","datePublished":"2025-01-30T11:53:29+00:00","dateModified":"2025-04-03T15:03:38+00:00","mainEntityOfPage":{"@id":"https:\/\/www.nomme.ee\/valdeku-noortekeskus\/31-01-2025-lopetab-tegevuse-manniku-noortetuba\/"},"wordCount":329,"image":{"@id":"https:\/\/www.nomme.ee\/valdeku-noortekeskus\/31-01-2025-lopetab-tegevuse-manniku-noortetuba\/#primaryimage"},"thumbnailUrl":"https:\/\/www.nomme.ee\/valdeku-noortekeskus\/wp-content\/uploads\/sites\/3\/2025\/01\/IMG_6056-e1738234308758.jpg","inLanguage":"et"},{"@type":"WebPage","@id":"https:\/\/www.nomme.ee\/valdeku-noortekeskus\/31-01-2025-lopetab-tegevuse-manniku-noortetuba\/","url":"https:\/\/www.nomme.ee\/valdeku-noortekeskus\/31-01-2025-lopetab-tegevuse-manniku-noortetuba\/","name":"31.01.2025 l\u00f5petab tegevuse M\u00e4nniku Noortetuba &#8211; Valdeku noortekeskus","isPartOf":{"@id":"https:\/\/www.nomme.ee\/valdeku-noortekeskus\/#website"},"primaryImageOfPage":{"@id":"https:\/\/www.nomme.ee\/valdeku-noortekeskus\/31-01-2025-lopetab-tegevuse-manniku-noortetuba\/#primaryimage"},"image":{"@id":"https:\/\/www.nomme.ee\/valdeku-noortekeskus\/31-01-2025-lopetab-tegevuse-manniku-noortetuba\/#primaryimage"},"thumbnailUrl":"https:\/\/www.nomme.ee\/valdeku-noortekeskus\/wp-content\/uploads\/sites\/3\/2025\/01\/IMG_6056-e1738234308758.jpg","datePublished":"2025-01-30T11:53:29+00:00","dateModified":"2025-04-03T15:03:38+00:00","author":{"@id":"https:\/\/www.nomme.ee\/valdeku-noortekeskus\/#\/schema\/person\/6f7e185fd2e8a2f1334d20f6045b57d1"},"breadcrumb":{"@id":"https:\/\/www.nomme.ee\/valdeku-noortekeskus\/31-01-2025-lopetab-tegevuse-manniku-noortetuba\/#breadcrumb"},"inLanguage":"et","potentialAction":[{"@type":"ReadAction","target":["https:\/\/www.nomme.ee\/valdeku-noortekeskus\/31-01-2025-lopetab-tegevuse-manniku-noortetuba\/"]}]},{"@type":"ImageObject","inLanguage":"et","@id":"https:\/\/www.nomme.ee\/valdeku-noortekeskus\/31-01-2025-lopetab-tegevuse-manniku-noortetuba\/#primaryimage","url":"https:\/\/www.nomme.ee\/valdeku-noortekeskus\/wp-content\/uploads\/sites\/3\/2025\/01\/IMG_6056-e1738234308758.jpg","contentUrl":"https:\/\/www.nomme.ee\/valdeku-noortekeskus\/wp-content\/uploads\/sites\/3\/2025\/01\/IMG_6056-e1738234308758.jpg","width":663,"height":744},{"@type":"BreadcrumbList","@id":"https:\/\/www.nomme.ee\/valdeku-noortekeskus\/31-01-2025-lopetab-tegevuse-manniku-noortetuba\/#breadcrumb","itemListElement":[{"@type":"ListItem","position":1,"name":"N\u00f5mme Vaba Aja Keskus","item":"https:\/\/www.nomme.ee"},{"@type":"ListItem","position":2,"name":"Valdeku noortekeskus","item":"https:\/\/www.nomme.ee\/valdeku-noortekeskus\/"},{"@type":"ListItem","position":3,"name":"31.01.2025 l\u00f5petab tegevuse M\u00e4nniku Noortetuba"}]},{"@type":"WebSite","@id":"https:\/\/www.nomme.ee\/valdeku-noortekeskus\/#website","url":"https:\/\/www.nomme.ee\/valdeku-noortekeskus\/","name":"Valdeku noortekeskus","description":"","potentialAction":[{"@type":"SearchAction","target":{"@type":"EntryPoint","urlTemplate":"https:\/\/www.nomme.ee\/valdeku-noortekeskus\/?s={search_term_string}"},"query-input":{"@type":"PropertyValueSpecification","valueRequired":true,"valueName":"search_term_string"}}],"inLanguage":"et"},{"@type":"Person","@id":"https:\/\/www.nomme.ee\/valdeku-noortekeskus\/#\/schema\/person\/6f7e185fd2e8a2f1334d20f6045b57d1","name":"evely","image":{"@type":"ImageObject","inLanguage":"et","@id":"https:\/\/secure.gravatar.com\/avatar\/078c31344894356ce0a57060da9c9bd4504cb0152d7670f30a9253ac111bfd4f?s=96&d=mm&r=g","url":"https:\/\/secure.gravatar.com\/avatar\/078c31344894356ce0a57060da9c9bd4504cb0152d7670f30a9253ac111bfd4f?s=96&d=mm&r=g","contentUrl":"https:\/\/secure.gravatar.com\/avatar\/078c31344894356ce0a57060da9c9bd4504cb0152d7670f30a9253ac111bfd4f?s=96&d=mm&r=g","caption":"evely"}}]}},"_links":{"self":[{"href":"https:\/\/www.nomme.ee\/valdeku-noortekeskus\/wp-json\/wp\/v2\/posts\/1840","targetHints":{"allow":["GET"]}}],"collection":[{"href":"https:\/\/www.nomme.ee\/valdeku-noortekeskus\/wp-json\/wp\/v2\/posts"}],"about":[{"href":"https:\/\/www.nomme.ee\/valdeku-noortekeskus\/wp-json\/wp\/v2\/types\/post"}],"author":[{"embeddable":true,"href":"https:\/\/www.nomme.ee\/valdeku-noortekeskus\/wp-json\/wp\/v2\/users\/13"}],"replies":[{"embeddable":true,"href":"https:\/\/www.nomme.ee\/valdeku-noortekeskus\/wp-json\/wp\/v2\/comments?post=1840"}],"version-history":[{"count":12,"href":"https:\/\/www.nomme.ee\/valdeku-noortekeskus\/wp-json\/wp\/v2\/posts\/1840\/revisions"}],"predecessor-version":[{"id":1856,"href":"https:\/\/www.nomme.ee\/valdeku-noortekeskus\/wp-json\/wp\/v2\/posts\/1840\/revisions\/1856"}],"wp:featuredmedia":[{"embeddable":true,"href":"https:\/\/www.nomme.ee\/valdeku-noortekeskus\/wp-json\/wp\/v2\/media\/1841"}],"wp:attachment":[{"href":"https:\/\/www.nomme.ee\/valdeku-noortekeskus\/wp-json\/wp\/v2\/media?parent=1840"}],"curies":[{"name":"wp","href":"https:\/\/api.w.org\/{rel}","templated":true}]}}