{"id":621,"date":"2023-03-06T15:53:02","date_gmt":"2023-03-06T15:53:02","guid":{"rendered":"https:\/\/www.nomme.ee\/valdeku-noortekeskus\/?p=621"},"modified":"2026-04-23T11:43:32","modified_gmt":"2026-04-23T11:43:32","slug":"9-03-10-03-on-valdeku-noortekeskus-suletud","status":"publish","type":"post","link":"https:\/\/www.nomme.ee\/valdeku-noortekeskus\/9-03-10-03-on-valdeku-noortekeskus-suletud\/","title":{"rendered":"9.-10. m\u00e4rtsil osalesid noorsoot\u00f6\u00f6tajad Eesti Noorsoot\u00f6\u00f6tajate Kogu Talvekoolis &#8220;M\u00f5istan, et toetada: (LGBT+) noore \u00f5igus olla tema ise!&#8221;"},"content":{"rendered":"<div class=\"x11i5rnm xat24cr x1mh8g0r x1vvkbs xtlvy1s x126k92a\">\n<div dir=\"auto\">9-10 m\u00e4rtsil 2023 osalesid Asso, Evely, Kadri, Kerttu ja Kristiina Eesti Noorsoot\u00f6\u00f6tajate Talvekoolis, mille nimi oli &#8220;M\u00f5istan, et toetada: (LGBT+) noore \u00f5igus olla tema ise!&#8221;<\/div>\n<\/div>\n<p>Koolituse esimesel p\u00e4eval andis Eesti LGBT \u00dchingu tegevjuht Kristel Ranna\u00e4\u00e4re p\u00f5hjaliku ja teadusp\u00f5hise \u00fclevaate LGBT+ teemadest, mille abil paremini m\u00f5ista ja toetada LGBT+ noori.<\/p>\n<p>Teisel p\u00e4eval arutlesime selle \u00fcle, kuidas m\u00f5ista ja toetada noori rahvusvahelises keskkonnas.<\/p>\n<p>See oli v\u00e4ga hea ja oluline koolitus. T\u00f5ime endaga kaasa ka m\u00f5lemasse keskusesse m\u00e4ngu \u201cMinu pilt, sinu silt\u201d. Tule m\u00e4ngima ja uurima mida me veel endaga kaasa t\u00f5ime!<\/p>\n<p>Loe rohkem ENKi blogist:<strong><a href=\"https:\/\/enk.ee\/enki-talvekoolis-oli-fookuses-noorte-igakulgne-toetamine\/\"> https:\/\/enk.ee\/enki-talvekoolis-oli-fookuses-noorte-igakulgne-toetamine\/<\/a><\/strong><\/p>\n","protected":false},"excerpt":{"rendered":"<p>9-10 m\u00e4rtsil 2023 osalesid Asso, Evely, Kadri, Kerttu ja Kristiina Eesti Noorsoot\u00f6\u00f6tajate Talvekoolis, mille nimi oli &#8220;M\u00f5istan, et toetada: (LGBT+) noore \u00f5igus olla tema ise!&#8221; Koolituse esimesel p\u00e4eval andis Eesti LGBT \u00dchingu tegevjuht Kristel Ranna\u00e4\u00e4re p\u00f5hjaliku ja teadusp\u00f5hise \u00fclevaate LGBT+ teemadest, mille abil paremini m\u00f5ista ja toetada LGBT+ noori. Teisel p\u00e4eval arutlesime selle \u00fcle, kuidas [&hellip;]<\/p>\n","protected":false},"author":13,"featured_media":734,"comment_status":"closed","ping_status":"open","sticky":false,"template":"","format":"standard","meta":{"_acf_changed":false,"footnotes":""},"class_list":["post-621","post","type-post","status-publish","format-standard","has-post-thumbnail","hentry"],"acf":[],"yoast_head":"<!-- This site is optimized with the Yoast SEO plugin v27.5 - https:\/\/yoast.com\/product\/yoast-seo-wordpress\/ -->\n<title>9.-10. m\u00e4rtsil osalesid noorsoot\u00f6\u00f6tajad Eesti Noorsoot\u00f6\u00f6tajate Kogu Talvekoolis &quot;M\u00f5istan, et toetada: (LGBT+) noore \u00f5igus olla tema ise!&quot; &#8211; Valdeku noortekeskus<\/title>\n<meta name=\"description\" content=\"Sel neljap\u00e4eval ja reedel (09.03-10.03) oleme suletud, sest oleme Eesti Noorsoot\u00f6\u00f6tajate Kogu talvekoolis. \u00d5pime seal LGBT+ noorte ja rahvusvahelisel tasandil noorsoot\u00f6\u00f6tajaks olemise kohta.\" \/>\n<meta name=\"robots\" content=\"index, follow, max-snippet:-1, max-image-preview:large, max-video-preview:-1\" \/>\n<link rel=\"canonical\" href=\"https:\/\/www.nomme.ee\/valdeku-noortekeskus\/9-03-10-03-on-valdeku-noortekeskus-suletud\/\" \/>\n<meta property=\"og:locale\" content=\"et_EE\" \/>\n<meta property=\"og:type\" content=\"article\" \/>\n<meta property=\"og:title\" content=\"9.-10. m\u00e4rtsil osalesid noorsoot\u00f6\u00f6tajad Eesti Noorsoot\u00f6\u00f6tajate Kogu Talvekoolis &quot;M\u00f5istan, et toetada: (LGBT+) noore \u00f5igus olla tema ise!&quot; &#8211; Valdeku noortekeskus\" \/>\n<meta property=\"og:description\" content=\"Sel neljap\u00e4eval ja reedel (09.03-10.03) oleme suletud, sest oleme Eesti Noorsoot\u00f6\u00f6tajate Kogu talvekoolis. \u00d5pime seal LGBT+ noorte ja rahvusvahelisel tasandil noorsoot\u00f6\u00f6tajaks olemise kohta.\" \/>\n<meta property=\"og:url\" content=\"https:\/\/www.nomme.ee\/valdeku-noortekeskus\/9-03-10-03-on-valdeku-noortekeskus-suletud\/\" \/>\n<meta property=\"og:site_name\" content=\"Valdeku noortekeskus\" \/>\n<meta property=\"article:published_time\" content=\"2023-03-06T15:53:02+00:00\" \/>\n<meta property=\"article:modified_time\" content=\"2026-04-23T11:43:32+00:00\" \/>\n<meta property=\"og:image\" content=\"https:\/\/www.nomme.ee\/valdeku-noortekeskus\/wp-content\/uploads\/sites\/3\/2023\/03\/336641583_5818193608304153_4601743863602742773_n.jpg\" \/>\n\t<meta property=\"og:image:width\" content=\"2048\" \/>\n\t<meta property=\"og:image:height\" content=\"1367\" \/>\n\t<meta property=\"og:image:type\" content=\"image\/jpeg\" \/>\n<meta name=\"author\" content=\"evely\" \/>\n<meta name=\"twitter:card\" content=\"summary_large_image\" \/>\n<meta name=\"twitter:label1\" content=\"Written by\" \/>\n\t<meta name=\"twitter:data1\" content=\"evely\" \/>\n\t<meta name=\"twitter:label2\" content=\"Est. reading time\" \/>\n\t<meta name=\"twitter:data2\" content=\"1 minut\" \/>\n<script type=\"application\/ld+json\" class=\"yoast-schema-graph\">{\"@context\":\"https:\\\/\\\/schema.org\",\"@graph\":[{\"@type\":\"Article\",\"@id\":\"https:\\\/\\\/www.nomme.ee\\\/valdeku-noortekeskus\\\/9-03-10-03-on-valdeku-noortekeskus-suletud\\\/#article\",\"isPartOf\":{\"@id\":\"https:\\\/\\\/www.nomme.ee\\\/valdeku-noortekeskus\\\/9-03-10-03-on-valdeku-noortekeskus-suletud\\\/\"},\"author\":{\"name\":\"evely\",\"@id\":\"https:\\\/\\\/www.nomme.ee\\\/valdeku-noortekeskus\\\/#\\\/schema\\\/person\\\/6f7e185fd2e8a2f1334d20f6045b57d1\"},\"headline\":\"9.-10. m\u00e4rtsil osalesid noorsoot\u00f6\u00f6tajad Eesti Noorsoot\u00f6\u00f6tajate Kogu Talvekoolis &#8220;M\u00f5istan, et toetada: (LGBT+) noore \u00f5igus olla tema ise!&#8221;\",\"datePublished\":\"2023-03-06T15:53:02+00:00\",\"dateModified\":\"2026-04-23T11:43:32+00:00\",\"mainEntityOfPage\":{\"@id\":\"https:\\\/\\\/www.nomme.ee\\\/valdeku-noortekeskus\\\/9-03-10-03-on-valdeku-noortekeskus-suletud\\\/\"},\"wordCount\":133,\"image\":{\"@id\":\"https:\\\/\\\/www.nomme.ee\\\/valdeku-noortekeskus\\\/9-03-10-03-on-valdeku-noortekeskus-suletud\\\/#primaryimage\"},\"thumbnailUrl\":\"https:\\\/\\\/www.nomme.ee\\\/valdeku-noortekeskus\\\/wp-content\\\/uploads\\\/sites\\\/3\\\/2023\\\/03\\\/336641583_5818193608304153_4601743863602742773_n.jpg\",\"inLanguage\":\"et\"},{\"@type\":\"WebPage\",\"@id\":\"https:\\\/\\\/www.nomme.ee\\\/valdeku-noortekeskus\\\/9-03-10-03-on-valdeku-noortekeskus-suletud\\\/\",\"url\":\"https:\\\/\\\/www.nomme.ee\\\/valdeku-noortekeskus\\\/9-03-10-03-on-valdeku-noortekeskus-suletud\\\/\",\"name\":\"9.-10. m\u00e4rtsil osalesid noorsoot\u00f6\u00f6tajad Eesti Noorsoot\u00f6\u00f6tajate Kogu Talvekoolis \\\"M\u00f5istan, et toetada: (LGBT+) noore \u00f5igus olla tema ise!\\\" &#8211; Valdeku noortekeskus\",\"isPartOf\":{\"@id\":\"https:\\\/\\\/www.nomme.ee\\\/valdeku-noortekeskus\\\/#website\"},\"primaryImageOfPage\":{\"@id\":\"https:\\\/\\\/www.nomme.ee\\\/valdeku-noortekeskus\\\/9-03-10-03-on-valdeku-noortekeskus-suletud\\\/#primaryimage\"},\"image\":{\"@id\":\"https:\\\/\\\/www.nomme.ee\\\/valdeku-noortekeskus\\\/9-03-10-03-on-valdeku-noortekeskus-suletud\\\/#primaryimage\"},\"thumbnailUrl\":\"https:\\\/\\\/www.nomme.ee\\\/valdeku-noortekeskus\\\/wp-content\\\/uploads\\\/sites\\\/3\\\/2023\\\/03\\\/336641583_5818193608304153_4601743863602742773_n.jpg\",\"datePublished\":\"2023-03-06T15:53:02+00:00\",\"dateModified\":\"2026-04-23T11:43:32+00:00\",\"author\":{\"@id\":\"https:\\\/\\\/www.nomme.ee\\\/valdeku-noortekeskus\\\/#\\\/schema\\\/person\\\/6f7e185fd2e8a2f1334d20f6045b57d1\"},\"description\":\"Sel neljap\u00e4eval ja reedel (09.03-10.03) oleme suletud, sest oleme Eesti Noorsoot\u00f6\u00f6tajate Kogu talvekoolis. \u00d5pime seal LGBT+ noorte ja rahvusvahelisel tasandil noorsoot\u00f6\u00f6tajaks olemise kohta.\",\"breadcrumb\":{\"@id\":\"https:\\\/\\\/www.nomme.ee\\\/valdeku-noortekeskus\\\/9-03-10-03-on-valdeku-noortekeskus-suletud\\\/#breadcrumb\"},\"inLanguage\":\"et\",\"potentialAction\":[{\"@type\":\"ReadAction\",\"target\":[\"https:\\\/\\\/www.nomme.ee\\\/valdeku-noortekeskus\\\/9-03-10-03-on-valdeku-noortekeskus-suletud\\\/\"]}]},{\"@type\":\"ImageObject\",\"inLanguage\":\"et\",\"@id\":\"https:\\\/\\\/www.nomme.ee\\\/valdeku-noortekeskus\\\/9-03-10-03-on-valdeku-noortekeskus-suletud\\\/#primaryimage\",\"url\":\"https:\\\/\\\/www.nomme.ee\\\/valdeku-noortekeskus\\\/wp-content\\\/uploads\\\/sites\\\/3\\\/2023\\\/03\\\/336641583_5818193608304153_4601743863602742773_n.jpg\",\"contentUrl\":\"https:\\\/\\\/www.nomme.ee\\\/valdeku-noortekeskus\\\/wp-content\\\/uploads\\\/sites\\\/3\\\/2023\\\/03\\\/336641583_5818193608304153_4601743863602742773_n.jpg\",\"width\":2048,\"height\":1367},{\"@type\":\"BreadcrumbList\",\"@id\":\"https:\\\/\\\/www.nomme.ee\\\/valdeku-noortekeskus\\\/9-03-10-03-on-valdeku-noortekeskus-suletud\\\/#breadcrumb\",\"itemListElement\":[{\"@type\":\"ListItem\",\"position\":1,\"name\":\"N\u00f5mme Vaba Aja Keskus\",\"item\":\"https:\\\/\\\/www.nomme.ee\"},{\"@type\":\"ListItem\",\"position\":2,\"name\":\"Valdeku noortekeskus\",\"item\":\"https:\\\/\\\/www.nomme.ee\\\/valdeku-noortekeskus\\\/\"},{\"@type\":\"ListItem\",\"position\":3,\"name\":\"9.-10. m\u00e4rtsil osalesid noorsoot\u00f6\u00f6tajad Eesti Noorsoot\u00f6\u00f6tajate Kogu Talvekoolis &#8220;M\u00f5istan, et toetada: (LGBT+) noore \u00f5igus olla tema ise!&#8221;\"}]},{\"@type\":\"WebSite\",\"@id\":\"https:\\\/\\\/www.nomme.ee\\\/valdeku-noortekeskus\\\/#website\",\"url\":\"https:\\\/\\\/www.nomme.ee\\\/valdeku-noortekeskus\\\/\",\"name\":\"Valdeku noortekeskus\",\"description\":\"\",\"potentialAction\":[{\"@type\":\"SearchAction\",\"target\":{\"@type\":\"EntryPoint\",\"urlTemplate\":\"https:\\\/\\\/www.nomme.ee\\\/valdeku-noortekeskus\\\/?s={search_term_string}\"},\"query-input\":{\"@type\":\"PropertyValueSpecification\",\"valueRequired\":true,\"valueName\":\"search_term_string\"}}],\"inLanguage\":\"et\"},{\"@type\":\"Person\",\"@id\":\"https:\\\/\\\/www.nomme.ee\\\/valdeku-noortekeskus\\\/#\\\/schema\\\/person\\\/6f7e185fd2e8a2f1334d20f6045b57d1\",\"name\":\"evely\",\"image\":{\"@type\":\"ImageObject\",\"inLanguage\":\"et\",\"@id\":\"https:\\\/\\\/secure.gravatar.com\\\/avatar\\\/078c31344894356ce0a57060da9c9bd4504cb0152d7670f30a9253ac111bfd4f?s=96&d=mm&r=g\",\"url\":\"https:\\\/\\\/secure.gravatar.com\\\/avatar\\\/078c31344894356ce0a57060da9c9bd4504cb0152d7670f30a9253ac111bfd4f?s=96&d=mm&r=g\",\"contentUrl\":\"https:\\\/\\\/secure.gravatar.com\\\/avatar\\\/078c31344894356ce0a57060da9c9bd4504cb0152d7670f30a9253ac111bfd4f?s=96&d=mm&r=g\",\"caption\":\"evely\"}}]}<\/script>\n<!-- \/ Yoast SEO plugin. -->","yoast_head_json":{"title":"9.-10. m\u00e4rtsil osalesid noorsoot\u00f6\u00f6tajad Eesti Noorsoot\u00f6\u00f6tajate Kogu Talvekoolis \"M\u00f5istan, et toetada: (LGBT+) noore \u00f5igus olla tema ise!\" &#8211; Valdeku noortekeskus","description":"Sel neljap\u00e4eval ja reedel (09.03-10.03) oleme suletud, sest oleme Eesti Noorsoot\u00f6\u00f6tajate Kogu talvekoolis. \u00d5pime seal LGBT+ noorte ja rahvusvahelisel tasandil noorsoot\u00f6\u00f6tajaks olemise kohta.","robots":{"index":"index","follow":"follow","max-snippet":"max-snippet:-1","max-image-preview":"max-image-preview:large","max-video-preview":"max-video-preview:-1"},"canonical":"https:\/\/www.nomme.ee\/valdeku-noortekeskus\/9-03-10-03-on-valdeku-noortekeskus-suletud\/","og_locale":"et_EE","og_type":"article","og_title":"9.-10. m\u00e4rtsil osalesid noorsoot\u00f6\u00f6tajad Eesti Noorsoot\u00f6\u00f6tajate Kogu Talvekoolis \"M\u00f5istan, et toetada: (LGBT+) noore \u00f5igus olla tema ise!\" &#8211; Valdeku noortekeskus","og_description":"Sel neljap\u00e4eval ja reedel (09.03-10.03) oleme suletud, sest oleme Eesti Noorsoot\u00f6\u00f6tajate Kogu talvekoolis. \u00d5pime seal LGBT+ noorte ja rahvusvahelisel tasandil noorsoot\u00f6\u00f6tajaks olemise kohta.","og_url":"https:\/\/www.nomme.ee\/valdeku-noortekeskus\/9-03-10-03-on-valdeku-noortekeskus-suletud\/","og_site_name":"Valdeku noortekeskus","article_published_time":"2023-03-06T15:53:02+00:00","article_modified_time":"2026-04-23T11:43:32+00:00","og_image":[{"width":2048,"height":1367,"url":"https:\/\/www.nomme.ee\/valdeku-noortekeskus\/wp-content\/uploads\/sites\/3\/2023\/03\/336641583_5818193608304153_4601743863602742773_n.jpg","type":"image\/jpeg"}],"author":"evely","twitter_card":"summary_large_image","twitter_misc":{"Written by":"evely","Est. reading time":"1 minut"},"schema":{"@context":"https:\/\/schema.org","@graph":[{"@type":"Article","@id":"https:\/\/www.nomme.ee\/valdeku-noortekeskus\/9-03-10-03-on-valdeku-noortekeskus-suletud\/#article","isPartOf":{"@id":"https:\/\/www.nomme.ee\/valdeku-noortekeskus\/9-03-10-03-on-valdeku-noortekeskus-suletud\/"},"author":{"name":"evely","@id":"https:\/\/www.nomme.ee\/valdeku-noortekeskus\/#\/schema\/person\/6f7e185fd2e8a2f1334d20f6045b57d1"},"headline":"9.-10. m\u00e4rtsil osalesid noorsoot\u00f6\u00f6tajad Eesti Noorsoot\u00f6\u00f6tajate Kogu Talvekoolis &#8220;M\u00f5istan, et toetada: (LGBT+) noore \u00f5igus olla tema ise!&#8221;","datePublished":"2023-03-06T15:53:02+00:00","dateModified":"2026-04-23T11:43:32+00:00","mainEntityOfPage":{"@id":"https:\/\/www.nomme.ee\/valdeku-noortekeskus\/9-03-10-03-on-valdeku-noortekeskus-suletud\/"},"wordCount":133,"image":{"@id":"https:\/\/www.nomme.ee\/valdeku-noortekeskus\/9-03-10-03-on-valdeku-noortekeskus-suletud\/#primaryimage"},"thumbnailUrl":"https:\/\/www.nomme.ee\/valdeku-noortekeskus\/wp-content\/uploads\/sites\/3\/2023\/03\/336641583_5818193608304153_4601743863602742773_n.jpg","inLanguage":"et"},{"@type":"WebPage","@id":"https:\/\/www.nomme.ee\/valdeku-noortekeskus\/9-03-10-03-on-valdeku-noortekeskus-suletud\/","url":"https:\/\/www.nomme.ee\/valdeku-noortekeskus\/9-03-10-03-on-valdeku-noortekeskus-suletud\/","name":"9.-10. m\u00e4rtsil osalesid noorsoot\u00f6\u00f6tajad Eesti Noorsoot\u00f6\u00f6tajate Kogu Talvekoolis \"M\u00f5istan, et toetada: (LGBT+) noore \u00f5igus olla tema ise!\" &#8211; Valdeku noortekeskus","isPartOf":{"@id":"https:\/\/www.nomme.ee\/valdeku-noortekeskus\/#website"},"primaryImageOfPage":{"@id":"https:\/\/www.nomme.ee\/valdeku-noortekeskus\/9-03-10-03-on-valdeku-noortekeskus-suletud\/#primaryimage"},"image":{"@id":"https:\/\/www.nomme.ee\/valdeku-noortekeskus\/9-03-10-03-on-valdeku-noortekeskus-suletud\/#primaryimage"},"thumbnailUrl":"https:\/\/www.nomme.ee\/valdeku-noortekeskus\/wp-content\/uploads\/sites\/3\/2023\/03\/336641583_5818193608304153_4601743863602742773_n.jpg","datePublished":"2023-03-06T15:53:02+00:00","dateModified":"2026-04-23T11:43:32+00:00","author":{"@id":"https:\/\/www.nomme.ee\/valdeku-noortekeskus\/#\/schema\/person\/6f7e185fd2e8a2f1334d20f6045b57d1"},"description":"Sel neljap\u00e4eval ja reedel (09.03-10.03) oleme suletud, sest oleme Eesti Noorsoot\u00f6\u00f6tajate Kogu talvekoolis. \u00d5pime seal LGBT+ noorte ja rahvusvahelisel tasandil noorsoot\u00f6\u00f6tajaks olemise kohta.","breadcrumb":{"@id":"https:\/\/www.nomme.ee\/valdeku-noortekeskus\/9-03-10-03-on-valdeku-noortekeskus-suletud\/#breadcrumb"},"inLanguage":"et","potentialAction":[{"@type":"ReadAction","target":["https:\/\/www.nomme.ee\/valdeku-noortekeskus\/9-03-10-03-on-valdeku-noortekeskus-suletud\/"]}]},{"@type":"ImageObject","inLanguage":"et","@id":"https:\/\/www.nomme.ee\/valdeku-noortekeskus\/9-03-10-03-on-valdeku-noortekeskus-suletud\/#primaryimage","url":"https:\/\/www.nomme.ee\/valdeku-noortekeskus\/wp-content\/uploads\/sites\/3\/2023\/03\/336641583_5818193608304153_4601743863602742773_n.jpg","contentUrl":"https:\/\/www.nomme.ee\/valdeku-noortekeskus\/wp-content\/uploads\/sites\/3\/2023\/03\/336641583_5818193608304153_4601743863602742773_n.jpg","width":2048,"height":1367},{"@type":"BreadcrumbList","@id":"https:\/\/www.nomme.ee\/valdeku-noortekeskus\/9-03-10-03-on-valdeku-noortekeskus-suletud\/#breadcrumb","itemListElement":[{"@type":"ListItem","position":1,"name":"N\u00f5mme Vaba Aja Keskus","item":"https:\/\/www.nomme.ee"},{"@type":"ListItem","position":2,"name":"Valdeku noortekeskus","item":"https:\/\/www.nomme.ee\/valdeku-noortekeskus\/"},{"@type":"ListItem","position":3,"name":"9.-10. m\u00e4rtsil osalesid noorsoot\u00f6\u00f6tajad Eesti Noorsoot\u00f6\u00f6tajate Kogu Talvekoolis &#8220;M\u00f5istan, et toetada: (LGBT+) noore \u00f5igus olla tema ise!&#8221;"}]},{"@type":"WebSite","@id":"https:\/\/www.nomme.ee\/valdeku-noortekeskus\/#website","url":"https:\/\/www.nomme.ee\/valdeku-noortekeskus\/","name":"Valdeku noortekeskus","description":"","potentialAction":[{"@type":"SearchAction","target":{"@type":"EntryPoint","urlTemplate":"https:\/\/www.nomme.ee\/valdeku-noortekeskus\/?s={search_term_string}"},"query-input":{"@type":"PropertyValueSpecification","valueRequired":true,"valueName":"search_term_string"}}],"inLanguage":"et"},{"@type":"Person","@id":"https:\/\/www.nomme.ee\/valdeku-noortekeskus\/#\/schema\/person\/6f7e185fd2e8a2f1334d20f6045b57d1","name":"evely","image":{"@type":"ImageObject","inLanguage":"et","@id":"https:\/\/secure.gravatar.com\/avatar\/078c31344894356ce0a57060da9c9bd4504cb0152d7670f30a9253ac111bfd4f?s=96&d=mm&r=g","url":"https:\/\/secure.gravatar.com\/avatar\/078c31344894356ce0a57060da9c9bd4504cb0152d7670f30a9253ac111bfd4f?s=96&d=mm&r=g","contentUrl":"https:\/\/secure.gravatar.com\/avatar\/078c31344894356ce0a57060da9c9bd4504cb0152d7670f30a9253ac111bfd4f?s=96&d=mm&r=g","caption":"evely"}}]}},"_links":{"self":[{"href":"https:\/\/www.nomme.ee\/valdeku-noortekeskus\/wp-json\/wp\/v2\/posts\/621","targetHints":{"allow":["GET"]}}],"collection":[{"href":"https:\/\/www.nomme.ee\/valdeku-noortekeskus\/wp-json\/wp\/v2\/posts"}],"about":[{"href":"https:\/\/www.nomme.ee\/valdeku-noortekeskus\/wp-json\/wp\/v2\/types\/post"}],"author":[{"embeddable":true,"href":"https:\/\/www.nomme.ee\/valdeku-noortekeskus\/wp-json\/wp\/v2\/users\/13"}],"replies":[{"embeddable":true,"href":"https:\/\/www.nomme.ee\/valdeku-noortekeskus\/wp-json\/wp\/v2\/comments?post=621"}],"version-history":[{"count":6,"href":"https:\/\/www.nomme.ee\/valdeku-noortekeskus\/wp-json\/wp\/v2\/posts\/621\/revisions"}],"predecessor-version":[{"id":2503,"href":"https:\/\/www.nomme.ee\/valdeku-noortekeskus\/wp-json\/wp\/v2\/posts\/621\/revisions\/2503"}],"wp:featuredmedia":[{"embeddable":true,"href":"https:\/\/www.nomme.ee\/valdeku-noortekeskus\/wp-json\/wp\/v2\/media\/734"}],"wp:attachment":[{"href":"https:\/\/www.nomme.ee\/valdeku-noortekeskus\/wp-json\/wp\/v2\/media?parent=621"}],"curies":[{"name":"wp","href":"https:\/\/api.w.org\/{rel}","templated":true}]}}