{"id":637,"date":"2023-03-15T10:36:05","date_gmt":"2023-03-15T10:36:05","guid":{"rendered":"https:\/\/www.nomme.ee\/valdeku-noortekeskus\/?p=637"},"modified":"2025-04-03T15:06:12","modified_gmt":"2025-04-03T15:06:12","slug":"25-martsil-toimub-valdeku-noortekeskuses-lauamangu-paev","status":"publish","type":"post","link":"https:\/\/www.nomme.ee\/valdeku-noortekeskus\/25-martsil-toimub-valdeku-noortekeskuses-lauamangu-paev\/","title":{"rendered":"25. m\u00e4rtsil toimus Valdeku Noortekeskuses lauam\u00e4ngude p\u00e4ev"},"content":{"rendered":"<div>\n<p>Valdeku Noortekeskuses on t\u00e4na 102 lauam\u00e4ngu, mis k\u00f5ik ootavad m\u00e4ngijaid. Kuigi igap\u00e4evaselt saab Valdeku Noortekeskuses ka palju muud teha, siis 25. m\u00e4rtsil kella 12st 18ni keskendusime just lauam\u00e4ngudele. Nii suuremaid kui v\u00e4iksemaid lauam\u00e4nguhuvilisi k\u00e4is meil p\u00e4ris palju k\u00fclas. Selle \u00fcle oli hea meel! Kuna lauam\u00e4ngude p\u00e4ev l\u00e4ks niiv\u00f5rd h\u00e4sti, siis hea meelega tahaksime selliseid tegemisi veel korraldada. J\u00e4rgmine lauam\u00e4ngude p\u00e4ev toimub hiljemalt s\u00fcgisel ja siis suunaga laiemale kogukonnale.<\/p>\n<div><p class=\"editor-content__cta\"><a class=\"main-btn\" target=\"_self\" href=\"https:\/\/fb.me\/e\/4bSpQa4bL\">\u00fcritus Facebookis<\/a><\/p><\/div>\n<p class=\"editor-content__cta\"><a class=\"main-btn\" target=\"_self\" href=\"https:\/\/www.nomme.ee\/valdeku-noortekeskus\/kalender\/lauamangupaev-valdeku-noortekeskuses\/\">Lauam\u00e4ngu p\u00e4ev meie kodulehel<\/a><\/p>\n<p>Lauam\u00e4ngude p\u00e4ev oli osa Tallinna Noortekeskuste teenusedisainiprotsessist, millest kirjutasime l\u00fchidalt ka kohalikus ajalehes N\u00f5mme S\u00f5numid (lehek\u00fclg 5), millele p\u00e4\u00e4sed ligi siin:<\/p>\n<figure class=\"video-container\"><iframe title=\"N\u00f5mme S\u00f5numid nr 4 (658)\" src=\"https:\/\/e.issuu.com\/embed.html?u=nomme&#038;d=n_mme_s_numid_3._m_rts_2023\" style=\"border:none; width: 500px; height: 383px;\" allow=\"clipboard-write,allow-top-navigation,allow-top-navigation-by-user-activation,allow-downloads,allow-scripts,allow-same-origin,allow-popups,allow-modals,allow-popups-to-escape-sandbox,allow-forms\"  allowfullscreen=\"true\"><\/iframe><\/figure>\n<\/div>\n","protected":false},"excerpt":{"rendered":"<p>Valdeku Noortekeskuses on t\u00e4na 102 lauam\u00e4ngu, mis k\u00f5ik ootavad m\u00e4ngijaid. Kuigi igap\u00e4evaselt saab Valdeku Noortekeskuses ka palju muud teha, siis 25. m\u00e4rtsil kella 12st 18ni keskendusime just lauam\u00e4ngudele. Nii suuremaid kui v\u00e4iksemaid lauam\u00e4nguhuvilisi k\u00e4is meil p\u00e4ris palju k\u00fclas. Selle \u00fcle oli hea meel! Kuna lauam\u00e4ngude p\u00e4ev l\u00e4ks niiv\u00f5rd h\u00e4sti, siis hea meelega tahaksime selliseid tegemisi [&hellip;]<\/p>\n","protected":false},"author":13,"featured_media":659,"comment_status":"closed","ping_status":"open","sticky":false,"template":"","format":"standard","meta":{"_acf_changed":false,"footnotes":""},"class_list":["post-637","post","type-post","status-publish","format-standard","has-post-thumbnail","hentry"],"acf":[],"yoast_head":"<!-- This site is optimized with the Yoast SEO plugin v27.5 - https:\/\/yoast.com\/product\/yoast-seo-wordpress\/ -->\n<title>25. m\u00e4rtsil toimus Valdeku Noortekeskuses lauam\u00e4ngude p\u00e4ev &#8211; Valdeku noortekeskus<\/title>\n<meta name=\"robots\" content=\"index, follow, max-snippet:-1, max-image-preview:large, max-video-preview:-1\" \/>\n<link rel=\"canonical\" href=\"https:\/\/www.nomme.ee\/valdeku-noortekeskus\/25-martsil-toimub-valdeku-noortekeskuses-lauamangu-paev\/\" \/>\n<meta property=\"og:locale\" content=\"et_EE\" \/>\n<meta property=\"og:type\" content=\"article\" \/>\n<meta property=\"og:title\" content=\"25. m\u00e4rtsil toimus Valdeku Noortekeskuses lauam\u00e4ngude p\u00e4ev &#8211; Valdeku noortekeskus\" \/>\n<meta property=\"og:description\" content=\"Valdeku Noortekeskuses on t\u00e4na 102 lauam\u00e4ngu, mis k\u00f5ik ootavad m\u00e4ngijaid. Kuigi igap\u00e4evaselt saab Valdeku Noortekeskuses ka palju muud teha, siis 25. m\u00e4rtsil kella 12st 18ni keskendusime just lauam\u00e4ngudele. Nii suuremaid kui v\u00e4iksemaid lauam\u00e4nguhuvilisi k\u00e4is meil p\u00e4ris palju k\u00fclas. Selle \u00fcle oli hea meel! Kuna lauam\u00e4ngude p\u00e4ev l\u00e4ks niiv\u00f5rd h\u00e4sti, siis hea meelega tahaksime selliseid tegemisi [&hellip;]\" \/>\n<meta property=\"og:url\" content=\"https:\/\/www.nomme.ee\/valdeku-noortekeskus\/25-martsil-toimub-valdeku-noortekeskuses-lauamangu-paev\/\" \/>\n<meta property=\"og:site_name\" content=\"Valdeku noortekeskus\" \/>\n<meta property=\"article:published_time\" content=\"2023-03-15T10:36:05+00:00\" \/>\n<meta property=\"article:modified_time\" content=\"2025-04-03T15:06:12+00:00\" \/>\n<meta property=\"og:image\" content=\"https:\/\/www.nomme.ee\/valdeku-noortekeskus\/wp-content\/uploads\/sites\/3\/2023\/03\/IMG_3635-scaled.jpg\" \/>\n\t<meta property=\"og:image:width\" content=\"2560\" \/>\n\t<meta property=\"og:image:height\" content=\"1742\" \/>\n\t<meta property=\"og:image:type\" content=\"image\/jpeg\" \/>\n<meta name=\"author\" content=\"evely\" \/>\n<meta name=\"twitter:card\" content=\"summary_large_image\" \/>\n<meta name=\"twitter:label1\" content=\"Written by\" \/>\n\t<meta name=\"twitter:data1\" content=\"evely\" \/>\n\t<meta name=\"twitter:label2\" content=\"Est. reading time\" \/>\n\t<meta name=\"twitter:data2\" content=\"1 minut\" \/>\n<script type=\"application\/ld+json\" class=\"yoast-schema-graph\">{\"@context\":\"https:\\\/\\\/schema.org\",\"@graph\":[{\"@type\":\"Article\",\"@id\":\"https:\\\/\\\/www.nomme.ee\\\/valdeku-noortekeskus\\\/25-martsil-toimub-valdeku-noortekeskuses-lauamangu-paev\\\/#article\",\"isPartOf\":{\"@id\":\"https:\\\/\\\/www.nomme.ee\\\/valdeku-noortekeskus\\\/25-martsil-toimub-valdeku-noortekeskuses-lauamangu-paev\\\/\"},\"author\":{\"name\":\"evely\",\"@id\":\"https:\\\/\\\/www.nomme.ee\\\/valdeku-noortekeskus\\\/#\\\/schema\\\/person\\\/6f7e185fd2e8a2f1334d20f6045b57d1\"},\"headline\":\"25. m\u00e4rtsil toimus Valdeku Noortekeskuses lauam\u00e4ngude p\u00e4ev\",\"datePublished\":\"2023-03-15T10:36:05+00:00\",\"dateModified\":\"2025-04-03T15:06:12+00:00\",\"mainEntityOfPage\":{\"@id\":\"https:\\\/\\\/www.nomme.ee\\\/valdeku-noortekeskus\\\/25-martsil-toimub-valdeku-noortekeskuses-lauamangu-paev\\\/\"},\"wordCount\":165,\"image\":{\"@id\":\"https:\\\/\\\/www.nomme.ee\\\/valdeku-noortekeskus\\\/25-martsil-toimub-valdeku-noortekeskuses-lauamangu-paev\\\/#primaryimage\"},\"thumbnailUrl\":\"https:\\\/\\\/www.nomme.ee\\\/valdeku-noortekeskus\\\/wp-content\\\/uploads\\\/sites\\\/3\\\/2023\\\/03\\\/IMG_3635-scaled.jpg\",\"inLanguage\":\"et\"},{\"@type\":\"WebPage\",\"@id\":\"https:\\\/\\\/www.nomme.ee\\\/valdeku-noortekeskus\\\/25-martsil-toimub-valdeku-noortekeskuses-lauamangu-paev\\\/\",\"url\":\"https:\\\/\\\/www.nomme.ee\\\/valdeku-noortekeskus\\\/25-martsil-toimub-valdeku-noortekeskuses-lauamangu-paev\\\/\",\"name\":\"25. m\u00e4rtsil toimus Valdeku Noortekeskuses lauam\u00e4ngude p\u00e4ev &#8211; Valdeku noortekeskus\",\"isPartOf\":{\"@id\":\"https:\\\/\\\/www.nomme.ee\\\/valdeku-noortekeskus\\\/#website\"},\"primaryImageOfPage\":{\"@id\":\"https:\\\/\\\/www.nomme.ee\\\/valdeku-noortekeskus\\\/25-martsil-toimub-valdeku-noortekeskuses-lauamangu-paev\\\/#primaryimage\"},\"image\":{\"@id\":\"https:\\\/\\\/www.nomme.ee\\\/valdeku-noortekeskus\\\/25-martsil-toimub-valdeku-noortekeskuses-lauamangu-paev\\\/#primaryimage\"},\"thumbnailUrl\":\"https:\\\/\\\/www.nomme.ee\\\/valdeku-noortekeskus\\\/wp-content\\\/uploads\\\/sites\\\/3\\\/2023\\\/03\\\/IMG_3635-scaled.jpg\",\"datePublished\":\"2023-03-15T10:36:05+00:00\",\"dateModified\":\"2025-04-03T15:06:12+00:00\",\"author\":{\"@id\":\"https:\\\/\\\/www.nomme.ee\\\/valdeku-noortekeskus\\\/#\\\/schema\\\/person\\\/6f7e185fd2e8a2f1334d20f6045b57d1\"},\"breadcrumb\":{\"@id\":\"https:\\\/\\\/www.nomme.ee\\\/valdeku-noortekeskus\\\/25-martsil-toimub-valdeku-noortekeskuses-lauamangu-paev\\\/#breadcrumb\"},\"inLanguage\":\"et\",\"potentialAction\":[{\"@type\":\"ReadAction\",\"target\":[\"https:\\\/\\\/www.nomme.ee\\\/valdeku-noortekeskus\\\/25-martsil-toimub-valdeku-noortekeskuses-lauamangu-paev\\\/\"]}]},{\"@type\":\"ImageObject\",\"inLanguage\":\"et\",\"@id\":\"https:\\\/\\\/www.nomme.ee\\\/valdeku-noortekeskus\\\/25-martsil-toimub-valdeku-noortekeskuses-lauamangu-paev\\\/#primaryimage\",\"url\":\"https:\\\/\\\/www.nomme.ee\\\/valdeku-noortekeskus\\\/wp-content\\\/uploads\\\/sites\\\/3\\\/2023\\\/03\\\/IMG_3635-scaled.jpg\",\"contentUrl\":\"https:\\\/\\\/www.nomme.ee\\\/valdeku-noortekeskus\\\/wp-content\\\/uploads\\\/sites\\\/3\\\/2023\\\/03\\\/IMG_3635-scaled.jpg\",\"width\":2560,\"height\":1742},{\"@type\":\"BreadcrumbList\",\"@id\":\"https:\\\/\\\/www.nomme.ee\\\/valdeku-noortekeskus\\\/25-martsil-toimub-valdeku-noortekeskuses-lauamangu-paev\\\/#breadcrumb\",\"itemListElement\":[{\"@type\":\"ListItem\",\"position\":1,\"name\":\"N\u00f5mme Vaba Aja Keskus\",\"item\":\"https:\\\/\\\/www.nomme.ee\"},{\"@type\":\"ListItem\",\"position\":2,\"name\":\"Valdeku noortekeskus\",\"item\":\"https:\\\/\\\/www.nomme.ee\\\/valdeku-noortekeskus\\\/\"},{\"@type\":\"ListItem\",\"position\":3,\"name\":\"25. m\u00e4rtsil toimus Valdeku Noortekeskuses lauam\u00e4ngude p\u00e4ev\"}]},{\"@type\":\"WebSite\",\"@id\":\"https:\\\/\\\/www.nomme.ee\\\/valdeku-noortekeskus\\\/#website\",\"url\":\"https:\\\/\\\/www.nomme.ee\\\/valdeku-noortekeskus\\\/\",\"name\":\"Valdeku noortekeskus\",\"description\":\"\",\"potentialAction\":[{\"@type\":\"SearchAction\",\"target\":{\"@type\":\"EntryPoint\",\"urlTemplate\":\"https:\\\/\\\/www.nomme.ee\\\/valdeku-noortekeskus\\\/?s={search_term_string}\"},\"query-input\":{\"@type\":\"PropertyValueSpecification\",\"valueRequired\":true,\"valueName\":\"search_term_string\"}}],\"inLanguage\":\"et\"},{\"@type\":\"Person\",\"@id\":\"https:\\\/\\\/www.nomme.ee\\\/valdeku-noortekeskus\\\/#\\\/schema\\\/person\\\/6f7e185fd2e8a2f1334d20f6045b57d1\",\"name\":\"evely\",\"image\":{\"@type\":\"ImageObject\",\"inLanguage\":\"et\",\"@id\":\"https:\\\/\\\/secure.gravatar.com\\\/avatar\\\/078c31344894356ce0a57060da9c9bd4504cb0152d7670f30a9253ac111bfd4f?s=96&d=mm&r=g\",\"url\":\"https:\\\/\\\/secure.gravatar.com\\\/avatar\\\/078c31344894356ce0a57060da9c9bd4504cb0152d7670f30a9253ac111bfd4f?s=96&d=mm&r=g\",\"contentUrl\":\"https:\\\/\\\/secure.gravatar.com\\\/avatar\\\/078c31344894356ce0a57060da9c9bd4504cb0152d7670f30a9253ac111bfd4f?s=96&d=mm&r=g\",\"caption\":\"evely\"}}]}<\/script>\n<!-- \/ Yoast SEO plugin. -->","yoast_head_json":{"title":"25. m\u00e4rtsil toimus Valdeku Noortekeskuses lauam\u00e4ngude p\u00e4ev &#8211; Valdeku noortekeskus","robots":{"index":"index","follow":"follow","max-snippet":"max-snippet:-1","max-image-preview":"max-image-preview:large","max-video-preview":"max-video-preview:-1"},"canonical":"https:\/\/www.nomme.ee\/valdeku-noortekeskus\/25-martsil-toimub-valdeku-noortekeskuses-lauamangu-paev\/","og_locale":"et_EE","og_type":"article","og_title":"25. m\u00e4rtsil toimus Valdeku Noortekeskuses lauam\u00e4ngude p\u00e4ev &#8211; Valdeku noortekeskus","og_description":"Valdeku Noortekeskuses on t\u00e4na 102 lauam\u00e4ngu, mis k\u00f5ik ootavad m\u00e4ngijaid. Kuigi igap\u00e4evaselt saab Valdeku Noortekeskuses ka palju muud teha, siis 25. m\u00e4rtsil kella 12st 18ni keskendusime just lauam\u00e4ngudele. Nii suuremaid kui v\u00e4iksemaid lauam\u00e4nguhuvilisi k\u00e4is meil p\u00e4ris palju k\u00fclas. Selle \u00fcle oli hea meel! Kuna lauam\u00e4ngude p\u00e4ev l\u00e4ks niiv\u00f5rd h\u00e4sti, siis hea meelega tahaksime selliseid tegemisi [&hellip;]","og_url":"https:\/\/www.nomme.ee\/valdeku-noortekeskus\/25-martsil-toimub-valdeku-noortekeskuses-lauamangu-paev\/","og_site_name":"Valdeku noortekeskus","article_published_time":"2023-03-15T10:36:05+00:00","article_modified_time":"2025-04-03T15:06:12+00:00","og_image":[{"width":2560,"height":1742,"url":"https:\/\/www.nomme.ee\/valdeku-noortekeskus\/wp-content\/uploads\/sites\/3\/2023\/03\/IMG_3635-scaled.jpg","type":"image\/jpeg"}],"author":"evely","twitter_card":"summary_large_image","twitter_misc":{"Written by":"evely","Est. reading time":"1 minut"},"schema":{"@context":"https:\/\/schema.org","@graph":[{"@type":"Article","@id":"https:\/\/www.nomme.ee\/valdeku-noortekeskus\/25-martsil-toimub-valdeku-noortekeskuses-lauamangu-paev\/#article","isPartOf":{"@id":"https:\/\/www.nomme.ee\/valdeku-noortekeskus\/25-martsil-toimub-valdeku-noortekeskuses-lauamangu-paev\/"},"author":{"name":"evely","@id":"https:\/\/www.nomme.ee\/valdeku-noortekeskus\/#\/schema\/person\/6f7e185fd2e8a2f1334d20f6045b57d1"},"headline":"25. m\u00e4rtsil toimus Valdeku Noortekeskuses lauam\u00e4ngude p\u00e4ev","datePublished":"2023-03-15T10:36:05+00:00","dateModified":"2025-04-03T15:06:12+00:00","mainEntityOfPage":{"@id":"https:\/\/www.nomme.ee\/valdeku-noortekeskus\/25-martsil-toimub-valdeku-noortekeskuses-lauamangu-paev\/"},"wordCount":165,"image":{"@id":"https:\/\/www.nomme.ee\/valdeku-noortekeskus\/25-martsil-toimub-valdeku-noortekeskuses-lauamangu-paev\/#primaryimage"},"thumbnailUrl":"https:\/\/www.nomme.ee\/valdeku-noortekeskus\/wp-content\/uploads\/sites\/3\/2023\/03\/IMG_3635-scaled.jpg","inLanguage":"et"},{"@type":"WebPage","@id":"https:\/\/www.nomme.ee\/valdeku-noortekeskus\/25-martsil-toimub-valdeku-noortekeskuses-lauamangu-paev\/","url":"https:\/\/www.nomme.ee\/valdeku-noortekeskus\/25-martsil-toimub-valdeku-noortekeskuses-lauamangu-paev\/","name":"25. m\u00e4rtsil toimus Valdeku Noortekeskuses lauam\u00e4ngude p\u00e4ev &#8211; Valdeku noortekeskus","isPartOf":{"@id":"https:\/\/www.nomme.ee\/valdeku-noortekeskus\/#website"},"primaryImageOfPage":{"@id":"https:\/\/www.nomme.ee\/valdeku-noortekeskus\/25-martsil-toimub-valdeku-noortekeskuses-lauamangu-paev\/#primaryimage"},"image":{"@id":"https:\/\/www.nomme.ee\/valdeku-noortekeskus\/25-martsil-toimub-valdeku-noortekeskuses-lauamangu-paev\/#primaryimage"},"thumbnailUrl":"https:\/\/www.nomme.ee\/valdeku-noortekeskus\/wp-content\/uploads\/sites\/3\/2023\/03\/IMG_3635-scaled.jpg","datePublished":"2023-03-15T10:36:05+00:00","dateModified":"2025-04-03T15:06:12+00:00","author":{"@id":"https:\/\/www.nomme.ee\/valdeku-noortekeskus\/#\/schema\/person\/6f7e185fd2e8a2f1334d20f6045b57d1"},"breadcrumb":{"@id":"https:\/\/www.nomme.ee\/valdeku-noortekeskus\/25-martsil-toimub-valdeku-noortekeskuses-lauamangu-paev\/#breadcrumb"},"inLanguage":"et","potentialAction":[{"@type":"ReadAction","target":["https:\/\/www.nomme.ee\/valdeku-noortekeskus\/25-martsil-toimub-valdeku-noortekeskuses-lauamangu-paev\/"]}]},{"@type":"ImageObject","inLanguage":"et","@id":"https:\/\/www.nomme.ee\/valdeku-noortekeskus\/25-martsil-toimub-valdeku-noortekeskuses-lauamangu-paev\/#primaryimage","url":"https:\/\/www.nomme.ee\/valdeku-noortekeskus\/wp-content\/uploads\/sites\/3\/2023\/03\/IMG_3635-scaled.jpg","contentUrl":"https:\/\/www.nomme.ee\/valdeku-noortekeskus\/wp-content\/uploads\/sites\/3\/2023\/03\/IMG_3635-scaled.jpg","width":2560,"height":1742},{"@type":"BreadcrumbList","@id":"https:\/\/www.nomme.ee\/valdeku-noortekeskus\/25-martsil-toimub-valdeku-noortekeskuses-lauamangu-paev\/#breadcrumb","itemListElement":[{"@type":"ListItem","position":1,"name":"N\u00f5mme Vaba Aja Keskus","item":"https:\/\/www.nomme.ee"},{"@type":"ListItem","position":2,"name":"Valdeku noortekeskus","item":"https:\/\/www.nomme.ee\/valdeku-noortekeskus\/"},{"@type":"ListItem","position":3,"name":"25. m\u00e4rtsil toimus Valdeku Noortekeskuses lauam\u00e4ngude p\u00e4ev"}]},{"@type":"WebSite","@id":"https:\/\/www.nomme.ee\/valdeku-noortekeskus\/#website","url":"https:\/\/www.nomme.ee\/valdeku-noortekeskus\/","name":"Valdeku noortekeskus","description":"","potentialAction":[{"@type":"SearchAction","target":{"@type":"EntryPoint","urlTemplate":"https:\/\/www.nomme.ee\/valdeku-noortekeskus\/?s={search_term_string}"},"query-input":{"@type":"PropertyValueSpecification","valueRequired":true,"valueName":"search_term_string"}}],"inLanguage":"et"},{"@type":"Person","@id":"https:\/\/www.nomme.ee\/valdeku-noortekeskus\/#\/schema\/person\/6f7e185fd2e8a2f1334d20f6045b57d1","name":"evely","image":{"@type":"ImageObject","inLanguage":"et","@id":"https:\/\/secure.gravatar.com\/avatar\/078c31344894356ce0a57060da9c9bd4504cb0152d7670f30a9253ac111bfd4f?s=96&d=mm&r=g","url":"https:\/\/secure.gravatar.com\/avatar\/078c31344894356ce0a57060da9c9bd4504cb0152d7670f30a9253ac111bfd4f?s=96&d=mm&r=g","contentUrl":"https:\/\/secure.gravatar.com\/avatar\/078c31344894356ce0a57060da9c9bd4504cb0152d7670f30a9253ac111bfd4f?s=96&d=mm&r=g","caption":"evely"}}]}},"_links":{"self":[{"href":"https:\/\/www.nomme.ee\/valdeku-noortekeskus\/wp-json\/wp\/v2\/posts\/637","targetHints":{"allow":["GET"]}}],"collection":[{"href":"https:\/\/www.nomme.ee\/valdeku-noortekeskus\/wp-json\/wp\/v2\/posts"}],"about":[{"href":"https:\/\/www.nomme.ee\/valdeku-noortekeskus\/wp-json\/wp\/v2\/types\/post"}],"author":[{"embeddable":true,"href":"https:\/\/www.nomme.ee\/valdeku-noortekeskus\/wp-json\/wp\/v2\/users\/13"}],"replies":[{"embeddable":true,"href":"https:\/\/www.nomme.ee\/valdeku-noortekeskus\/wp-json\/wp\/v2\/comments?post=637"}],"version-history":[{"count":11,"href":"https:\/\/www.nomme.ee\/valdeku-noortekeskus\/wp-json\/wp\/v2\/posts\/637\/revisions"}],"predecessor-version":[{"id":2031,"href":"https:\/\/www.nomme.ee\/valdeku-noortekeskus\/wp-json\/wp\/v2\/posts\/637\/revisions\/2031"}],"wp:featuredmedia":[{"embeddable":true,"href":"https:\/\/www.nomme.ee\/valdeku-noortekeskus\/wp-json\/wp\/v2\/media\/659"}],"wp:attachment":[{"href":"https:\/\/www.nomme.ee\/valdeku-noortekeskus\/wp-json\/wp\/v2\/media?parent=637"}],"curies":[{"name":"wp","href":"https:\/\/api.w.org\/{rel}","templated":true}]}}