{"id":810,"date":"2023-08-18T08:31:00","date_gmt":"2023-08-18T08:31:00","guid":{"rendered":"https:\/\/www.nomme.ee\/valdeku-noortekeskus\/?p=810"},"modified":"2025-04-03T15:08:08","modified_gmt":"2025-04-03T15:08:08","slug":"21-08-23-08-valdeku-noortekeskus-on-suletud","status":"publish","type":"post","link":"https:\/\/www.nomme.ee\/valdeku-noortekeskus\/21-08-23-08-valdeku-noortekeskus-on-suletud\/","title":{"rendered":"21.08-23.08 Eesti Noorsoot\u00f6\u00f6tajate Kogu Suvekool &#8220;Mida Pornot?!&#8221;"},"content":{"rendered":"<div class=\"x11i5rnm xat24cr x1mh8g0r x1vvkbs xtlvy1s x126k92a\">\r\n<div dir=\"auto\">Evely, Asso ja Irina said osa v\u00f5tta selle aasta Eesti Noorsoot\u00f6\u00f6tajate Kogu Suvekoolist \u201cMida pornot?\u201d<\/div>\r\n<\/div>\r\n<div class=\"x11i5rnm xat24cr x1mh8g0r x1vvkbs xtlvy1s x126k92a\">\r\n<div dir=\"auto\">Selle k\u00e4igus saime koos \u00f5ppida:<\/div>\r\n<div dir=\"auto\"><span class=\"x3nfvp2 x1j61x8r x1fcty0u xdj266r xhhsvwb xat24cr xgzva0m xxymvpz xlup9mm x1kky2od\"><img loading=\"lazy\" decoding=\"async\" src=\"https:\/\/static.xx.fbcdn.net\/images\/emoji.php\/v9\/tcb\/1.5\/16\/1f538.png\" alt=\"\ud83d\udd38\" width=\"16\" height=\"16\" \/><\/span>eetilise h\u00e4kkimise,<\/div>\r\n<div dir=\"auto\"><span class=\"x3nfvp2 x1j61x8r x1fcty0u xdj266r xhhsvwb xat24cr xgzva0m xxymvpz xlup9mm x1kky2od\"><img loading=\"lazy\" decoding=\"async\" src=\"https:\/\/static.xx.fbcdn.net\/images\/emoji.php\/v9\/tcb\/1.5\/16\/1f538.png\" alt=\"\ud83d\udd38\" width=\"16\" height=\"16\" \/><\/span>porno,<\/div>\r\n<div dir=\"auto\"><span class=\"x3nfvp2 x1j61x8r x1fcty0u xdj266r xhhsvwb xat24cr xgzva0m xxymvpz xlup9mm x1kky2od\"><img loading=\"lazy\" decoding=\"async\" src=\"https:\/\/static.xx.fbcdn.net\/images\/emoji.php\/v9\/tcb\/1.5\/16\/1f538.png\" alt=\"\ud83d\udd38\" width=\"16\" height=\"16\" \/><\/span>liikumism\u00e4ngude,<\/div>\r\n<div dir=\"auto\"><span class=\"x3nfvp2 x1j61x8r x1fcty0u xdj266r xhhsvwb xat24cr xgzva0m xxymvpz xlup9mm x1kky2od\"><img loading=\"lazy\" decoding=\"async\" src=\"https:\/\/static.xx.fbcdn.net\/images\/emoji.php\/v9\/tcb\/1.5\/16\/1f538.png\" alt=\"\ud83d\udd38\" width=\"16\" height=\"16\" \/><\/span>sekspositiivsuse,<\/div>\r\n<div dir=\"auto\"><span class=\"x3nfvp2 x1j61x8r x1fcty0u xdj266r xhhsvwb xat24cr xgzva0m xxymvpz xlup9mm x1kky2od\"><img loading=\"lazy\" decoding=\"async\" src=\"https:\/\/static.xx.fbcdn.net\/images\/emoji.php\/v9\/tcb\/1.5\/16\/1f538.png\" alt=\"\ud83d\udd38\" width=\"16\" height=\"16\" \/><\/span>ja AI kohta.<\/div>\r\n<\/div>\r\n<div class=\"x11i5rnm xat24cr x1mh8g0r x1vvkbs xtlvy1s x126k92a\">\r\n<div dir=\"auto\"><span class=\"x3nfvp2 x1j61x8r x1fcty0u xdj266r xhhsvwb xat24cr xgzva0m xxymvpz xlup9mm x1kky2od\"><img loading=\"lazy\" decoding=\"async\" src=\"https:\/\/static.xx.fbcdn.net\/images\/emoji.php\/v9\/tbd\/1.5\/16\/1f370.png\" alt=\"\ud83c\udf70\" width=\"16\" height=\"16\" \/><\/span>Kirss tordil oli Jarek Kasari kontsert. Nii lahe?!? <span class=\"x3nfvp2 x1j61x8r x1fcty0u xdj266r xhhsvwb xat24cr xgzva0m xxymvpz xlup9mm x1kky2od\"><img loading=\"lazy\" decoding=\"async\" src=\"https:\/\/static.xx.fbcdn.net\/images\/emoji.php\/v9\/tcc\/1.5\/16\/1f979.png\" alt=\"\ud83e\udd79\" width=\"16\" height=\"16\" \/><\/span><\/div>\r\n<\/div>\r\n<div class=\"x11i5rnm xat24cr x1mh8g0r x1vvkbs xtlvy1s x126k92a\">\r\n<div dir=\"auto\">Ait\u00e4h Eesti Noorsoot\u00f6\u00f6tajate Kogu, Mooste Viinavabrik, CTFTech, Maria Murumaa-Mengel, Liikumism\u00e4ngud, Kristina Birk-Vellemaa, Markus Lippus.\u00a0<\/div>\r\n<\/div>\r\n<div class=\"x11i5rnm xat24cr x1mh8g0r x1vvkbs xtlvy1s x126k92a\">\r\n<div dir=\"auto\"><br \/>Oma m\u00f5tteid suvekooli kohta laiemalt sai jagada Evely. See on \u00fcleval Eesti Noorsoot\u00f6\u00f6tajate Kogu blogis.<br \/>\r\n<div><p class=\"editor-content__cta\"><a class=\"main-btn\" target=\"_self\" href=\"#\">Kirjutisega saad tutvuda siin<\/a><\/p><br \/><br \/>Kasutatud pildi autor on Kristina Masen.<\/div>\r\n<\/div>\r\n<\/div>\r\n","protected":false},"excerpt":{"rendered":"<p>Evely, Asso ja Irina said osa v\u00f5tta selle aasta Eesti Noorsoot\u00f6\u00f6tajate Kogu Suvekoolist \u201cMida pornot?\u201d Selle k\u00e4igus saime koos \u00f5ppida: eetilise h\u00e4kkimise, porno, liikumism\u00e4ngude, sekspositiivsuse, ja AI kohta. Kirss tordil oli Jarek Kasari kontsert. Nii lahe?!? Ait\u00e4h Eesti Noorsoot\u00f6\u00f6tajate Kogu, Mooste Viinavabrik, CTFTech, Maria Murumaa-Mengel, Liikumism\u00e4ngud, Kristina Birk-Vellemaa, Markus Lippus.\u00a0 Oma m\u00f5tteid suvekooli kohta laiemalt [&hellip;]<\/p>\n","protected":false},"author":21,"featured_media":824,"comment_status":"closed","ping_status":"open","sticky":false,"template":"","format":"standard","meta":{"_acf_changed":false,"footnotes":""},"class_list":["post-810","post","type-post","status-publish","format-standard","has-post-thumbnail","hentry"],"acf":[],"yoast_head":"<!-- This site is optimized with the Yoast SEO plugin v27.5 - https:\/\/yoast.com\/product\/yoast-seo-wordpress\/ -->\n<title>21.08-23.08 Eesti Noorsoot\u00f6\u00f6tajate Kogu Suvekool &quot;Mida Pornot?!&quot; &#8211; Valdeku noortekeskus<\/title>\n<meta name=\"robots\" content=\"index, follow, max-snippet:-1, max-image-preview:large, max-video-preview:-1\" \/>\n<link rel=\"canonical\" href=\"https:\/\/www.nomme.ee\/valdeku-noortekeskus\/21-08-23-08-valdeku-noortekeskus-on-suletud\/\" \/>\n<meta property=\"og:locale\" content=\"et_EE\" \/>\n<meta property=\"og:type\" content=\"article\" \/>\n<meta property=\"og:title\" content=\"21.08-23.08 Eesti Noorsoot\u00f6\u00f6tajate Kogu Suvekool &quot;Mida Pornot?!&quot; &#8211; Valdeku noortekeskus\" \/>\n<meta property=\"og:description\" content=\"Evely, Asso ja Irina said osa v\u00f5tta selle aasta Eesti Noorsoot\u00f6\u00f6tajate Kogu Suvekoolist \u201cMida pornot?\u201d Selle k\u00e4igus saime koos \u00f5ppida: eetilise h\u00e4kkimise, porno, liikumism\u00e4ngude, sekspositiivsuse, ja AI kohta. Kirss tordil oli Jarek Kasari kontsert. Nii lahe?!? Ait\u00e4h Eesti Noorsoot\u00f6\u00f6tajate Kogu, Mooste Viinavabrik, CTFTech, Maria Murumaa-Mengel, Liikumism\u00e4ngud, Kristina Birk-Vellemaa, Markus Lippus.\u00a0 Oma m\u00f5tteid suvekooli kohta laiemalt [&hellip;]\" \/>\n<meta property=\"og:url\" content=\"https:\/\/www.nomme.ee\/valdeku-noortekeskus\/21-08-23-08-valdeku-noortekeskus-on-suletud\/\" \/>\n<meta property=\"og:site_name\" content=\"Valdeku noortekeskus\" \/>\n<meta property=\"article:published_time\" content=\"2023-08-18T08:31:00+00:00\" \/>\n<meta property=\"article:modified_time\" content=\"2025-04-03T15:08:08+00:00\" \/>\n<meta property=\"og:image\" content=\"https:\/\/www.nomme.ee\/valdeku-noortekeskus\/wp-content\/uploads\/sites\/3\/2023\/08\/suvekool.jpg\" \/>\n\t<meta property=\"og:image:width\" content=\"1440\" \/>\n\t<meta property=\"og:image:height\" content=\"960\" \/>\n\t<meta property=\"og:image:type\" content=\"image\/jpeg\" \/>\n<meta name=\"author\" content=\"roula\" \/>\n<meta name=\"twitter:card\" content=\"summary_large_image\" \/>\n<meta name=\"twitter:label1\" content=\"Written by\" \/>\n\t<meta name=\"twitter:data1\" content=\"roula\" \/>\n\t<meta name=\"twitter:label2\" content=\"Est. reading time\" \/>\n\t<meta name=\"twitter:data2\" content=\"3 minutit\" \/>\n<script type=\"application\/ld+json\" class=\"yoast-schema-graph\">{\"@context\":\"https:\\\/\\\/schema.org\",\"@graph\":[{\"@type\":\"Article\",\"@id\":\"https:\\\/\\\/www.nomme.ee\\\/valdeku-noortekeskus\\\/21-08-23-08-valdeku-noortekeskus-on-suletud\\\/#article\",\"isPartOf\":{\"@id\":\"https:\\\/\\\/www.nomme.ee\\\/valdeku-noortekeskus\\\/21-08-23-08-valdeku-noortekeskus-on-suletud\\\/\"},\"author\":{\"name\":\"roula\",\"@id\":\"https:\\\/\\\/www.nomme.ee\\\/valdeku-noortekeskus\\\/#\\\/schema\\\/person\\\/75edaf0fe6ed5a548014fef1ba4ee8cf\"},\"headline\":\"21.08-23.08 Eesti Noorsoot\u00f6\u00f6tajate Kogu Suvekool &#8220;Mida Pornot?!&#8221;\",\"datePublished\":\"2023-08-18T08:31:00+00:00\",\"dateModified\":\"2025-04-03T15:08:08+00:00\",\"mainEntityOfPage\":{\"@id\":\"https:\\\/\\\/www.nomme.ee\\\/valdeku-noortekeskus\\\/21-08-23-08-valdeku-noortekeskus-on-suletud\\\/\"},\"wordCount\":96,\"image\":{\"@id\":\"https:\\\/\\\/www.nomme.ee\\\/valdeku-noortekeskus\\\/21-08-23-08-valdeku-noortekeskus-on-suletud\\\/#primaryimage\"},\"thumbnailUrl\":\"https:\\\/\\\/www.nomme.ee\\\/valdeku-noortekeskus\\\/wp-content\\\/uploads\\\/sites\\\/3\\\/2023\\\/08\\\/suvekool.jpg\",\"inLanguage\":\"et\"},{\"@type\":\"WebPage\",\"@id\":\"https:\\\/\\\/www.nomme.ee\\\/valdeku-noortekeskus\\\/21-08-23-08-valdeku-noortekeskus-on-suletud\\\/\",\"url\":\"https:\\\/\\\/www.nomme.ee\\\/valdeku-noortekeskus\\\/21-08-23-08-valdeku-noortekeskus-on-suletud\\\/\",\"name\":\"21.08-23.08 Eesti Noorsoot\u00f6\u00f6tajate Kogu Suvekool \\\"Mida Pornot?!\\\" &#8211; Valdeku noortekeskus\",\"isPartOf\":{\"@id\":\"https:\\\/\\\/www.nomme.ee\\\/valdeku-noortekeskus\\\/#website\"},\"primaryImageOfPage\":{\"@id\":\"https:\\\/\\\/www.nomme.ee\\\/valdeku-noortekeskus\\\/21-08-23-08-valdeku-noortekeskus-on-suletud\\\/#primaryimage\"},\"image\":{\"@id\":\"https:\\\/\\\/www.nomme.ee\\\/valdeku-noortekeskus\\\/21-08-23-08-valdeku-noortekeskus-on-suletud\\\/#primaryimage\"},\"thumbnailUrl\":\"https:\\\/\\\/www.nomme.ee\\\/valdeku-noortekeskus\\\/wp-content\\\/uploads\\\/sites\\\/3\\\/2023\\\/08\\\/suvekool.jpg\",\"datePublished\":\"2023-08-18T08:31:00+00:00\",\"dateModified\":\"2025-04-03T15:08:08+00:00\",\"author\":{\"@id\":\"https:\\\/\\\/www.nomme.ee\\\/valdeku-noortekeskus\\\/#\\\/schema\\\/person\\\/75edaf0fe6ed5a548014fef1ba4ee8cf\"},\"breadcrumb\":{\"@id\":\"https:\\\/\\\/www.nomme.ee\\\/valdeku-noortekeskus\\\/21-08-23-08-valdeku-noortekeskus-on-suletud\\\/#breadcrumb\"},\"inLanguage\":\"et\",\"potentialAction\":[{\"@type\":\"ReadAction\",\"target\":[\"https:\\\/\\\/www.nomme.ee\\\/valdeku-noortekeskus\\\/21-08-23-08-valdeku-noortekeskus-on-suletud\\\/\"]}]},{\"@type\":\"ImageObject\",\"inLanguage\":\"et\",\"@id\":\"https:\\\/\\\/www.nomme.ee\\\/valdeku-noortekeskus\\\/21-08-23-08-valdeku-noortekeskus-on-suletud\\\/#primaryimage\",\"url\":\"https:\\\/\\\/www.nomme.ee\\\/valdeku-noortekeskus\\\/wp-content\\\/uploads\\\/sites\\\/3\\\/2023\\\/08\\\/suvekool.jpg\",\"contentUrl\":\"https:\\\/\\\/www.nomme.ee\\\/valdeku-noortekeskus\\\/wp-content\\\/uploads\\\/sites\\\/3\\\/2023\\\/08\\\/suvekool.jpg\",\"width\":1440,\"height\":960},{\"@type\":\"BreadcrumbList\",\"@id\":\"https:\\\/\\\/www.nomme.ee\\\/valdeku-noortekeskus\\\/21-08-23-08-valdeku-noortekeskus-on-suletud\\\/#breadcrumb\",\"itemListElement\":[{\"@type\":\"ListItem\",\"position\":1,\"name\":\"N\u00f5mme Vaba Aja Keskus\",\"item\":\"https:\\\/\\\/www.nomme.ee\"},{\"@type\":\"ListItem\",\"position\":2,\"name\":\"Valdeku noortekeskus\",\"item\":\"https:\\\/\\\/www.nomme.ee\\\/valdeku-noortekeskus\\\/\"},{\"@type\":\"ListItem\",\"position\":3,\"name\":\"21.08-23.08 Eesti Noorsoot\u00f6\u00f6tajate Kogu Suvekool &#8220;Mida Pornot?!&#8221;\"}]},{\"@type\":\"WebSite\",\"@id\":\"https:\\\/\\\/www.nomme.ee\\\/valdeku-noortekeskus\\\/#website\",\"url\":\"https:\\\/\\\/www.nomme.ee\\\/valdeku-noortekeskus\\\/\",\"name\":\"Valdeku noortekeskus\",\"description\":\"\",\"potentialAction\":[{\"@type\":\"SearchAction\",\"target\":{\"@type\":\"EntryPoint\",\"urlTemplate\":\"https:\\\/\\\/www.nomme.ee\\\/valdeku-noortekeskus\\\/?s={search_term_string}\"},\"query-input\":{\"@type\":\"PropertyValueSpecification\",\"valueRequired\":true,\"valueName\":\"search_term_string\"}}],\"inLanguage\":\"et\"},{\"@type\":\"Person\",\"@id\":\"https:\\\/\\\/www.nomme.ee\\\/valdeku-noortekeskus\\\/#\\\/schema\\\/person\\\/75edaf0fe6ed5a548014fef1ba4ee8cf\",\"name\":\"roula\",\"image\":{\"@type\":\"ImageObject\",\"inLanguage\":\"et\",\"@id\":\"https:\\\/\\\/secure.gravatar.com\\\/avatar\\\/89e8eec8f6dc17e8b96b698a793337ffd3efd53a710754e28cf13de0da57ca00?s=96&d=mm&r=g\",\"url\":\"https:\\\/\\\/secure.gravatar.com\\\/avatar\\\/89e8eec8f6dc17e8b96b698a793337ffd3efd53a710754e28cf13de0da57ca00?s=96&d=mm&r=g\",\"contentUrl\":\"https:\\\/\\\/secure.gravatar.com\\\/avatar\\\/89e8eec8f6dc17e8b96b698a793337ffd3efd53a710754e28cf13de0da57ca00?s=96&d=mm&r=g\",\"caption\":\"roula\"}}]}<\/script>\n<!-- \/ Yoast SEO plugin. -->","yoast_head_json":{"title":"21.08-23.08 Eesti Noorsoot\u00f6\u00f6tajate Kogu Suvekool \"Mida Pornot?!\" &#8211; Valdeku noortekeskus","robots":{"index":"index","follow":"follow","max-snippet":"max-snippet:-1","max-image-preview":"max-image-preview:large","max-video-preview":"max-video-preview:-1"},"canonical":"https:\/\/www.nomme.ee\/valdeku-noortekeskus\/21-08-23-08-valdeku-noortekeskus-on-suletud\/","og_locale":"et_EE","og_type":"article","og_title":"21.08-23.08 Eesti Noorsoot\u00f6\u00f6tajate Kogu Suvekool \"Mida Pornot?!\" &#8211; Valdeku noortekeskus","og_description":"Evely, Asso ja Irina said osa v\u00f5tta selle aasta Eesti Noorsoot\u00f6\u00f6tajate Kogu Suvekoolist \u201cMida pornot?\u201d Selle k\u00e4igus saime koos \u00f5ppida: eetilise h\u00e4kkimise, porno, liikumism\u00e4ngude, sekspositiivsuse, ja AI kohta. Kirss tordil oli Jarek Kasari kontsert. Nii lahe?!? Ait\u00e4h Eesti Noorsoot\u00f6\u00f6tajate Kogu, Mooste Viinavabrik, CTFTech, Maria Murumaa-Mengel, Liikumism\u00e4ngud, Kristina Birk-Vellemaa, Markus Lippus.\u00a0 Oma m\u00f5tteid suvekooli kohta laiemalt [&hellip;]","og_url":"https:\/\/www.nomme.ee\/valdeku-noortekeskus\/21-08-23-08-valdeku-noortekeskus-on-suletud\/","og_site_name":"Valdeku noortekeskus","article_published_time":"2023-08-18T08:31:00+00:00","article_modified_time":"2025-04-03T15:08:08+00:00","og_image":[{"width":1440,"height":960,"url":"https:\/\/www.nomme.ee\/valdeku-noortekeskus\/wp-content\/uploads\/sites\/3\/2023\/08\/suvekool.jpg","type":"image\/jpeg"}],"author":"roula","twitter_card":"summary_large_image","twitter_misc":{"Written by":"roula","Est. reading time":"3 minutit"},"schema":{"@context":"https:\/\/schema.org","@graph":[{"@type":"Article","@id":"https:\/\/www.nomme.ee\/valdeku-noortekeskus\/21-08-23-08-valdeku-noortekeskus-on-suletud\/#article","isPartOf":{"@id":"https:\/\/www.nomme.ee\/valdeku-noortekeskus\/21-08-23-08-valdeku-noortekeskus-on-suletud\/"},"author":{"name":"roula","@id":"https:\/\/www.nomme.ee\/valdeku-noortekeskus\/#\/schema\/person\/75edaf0fe6ed5a548014fef1ba4ee8cf"},"headline":"21.08-23.08 Eesti Noorsoot\u00f6\u00f6tajate Kogu Suvekool &#8220;Mida Pornot?!&#8221;","datePublished":"2023-08-18T08:31:00+00:00","dateModified":"2025-04-03T15:08:08+00:00","mainEntityOfPage":{"@id":"https:\/\/www.nomme.ee\/valdeku-noortekeskus\/21-08-23-08-valdeku-noortekeskus-on-suletud\/"},"wordCount":96,"image":{"@id":"https:\/\/www.nomme.ee\/valdeku-noortekeskus\/21-08-23-08-valdeku-noortekeskus-on-suletud\/#primaryimage"},"thumbnailUrl":"https:\/\/www.nomme.ee\/valdeku-noortekeskus\/wp-content\/uploads\/sites\/3\/2023\/08\/suvekool.jpg","inLanguage":"et"},{"@type":"WebPage","@id":"https:\/\/www.nomme.ee\/valdeku-noortekeskus\/21-08-23-08-valdeku-noortekeskus-on-suletud\/","url":"https:\/\/www.nomme.ee\/valdeku-noortekeskus\/21-08-23-08-valdeku-noortekeskus-on-suletud\/","name":"21.08-23.08 Eesti Noorsoot\u00f6\u00f6tajate Kogu Suvekool \"Mida Pornot?!\" &#8211; Valdeku noortekeskus","isPartOf":{"@id":"https:\/\/www.nomme.ee\/valdeku-noortekeskus\/#website"},"primaryImageOfPage":{"@id":"https:\/\/www.nomme.ee\/valdeku-noortekeskus\/21-08-23-08-valdeku-noortekeskus-on-suletud\/#primaryimage"},"image":{"@id":"https:\/\/www.nomme.ee\/valdeku-noortekeskus\/21-08-23-08-valdeku-noortekeskus-on-suletud\/#primaryimage"},"thumbnailUrl":"https:\/\/www.nomme.ee\/valdeku-noortekeskus\/wp-content\/uploads\/sites\/3\/2023\/08\/suvekool.jpg","datePublished":"2023-08-18T08:31:00+00:00","dateModified":"2025-04-03T15:08:08+00:00","author":{"@id":"https:\/\/www.nomme.ee\/valdeku-noortekeskus\/#\/schema\/person\/75edaf0fe6ed5a548014fef1ba4ee8cf"},"breadcrumb":{"@id":"https:\/\/www.nomme.ee\/valdeku-noortekeskus\/21-08-23-08-valdeku-noortekeskus-on-suletud\/#breadcrumb"},"inLanguage":"et","potentialAction":[{"@type":"ReadAction","target":["https:\/\/www.nomme.ee\/valdeku-noortekeskus\/21-08-23-08-valdeku-noortekeskus-on-suletud\/"]}]},{"@type":"ImageObject","inLanguage":"et","@id":"https:\/\/www.nomme.ee\/valdeku-noortekeskus\/21-08-23-08-valdeku-noortekeskus-on-suletud\/#primaryimage","url":"https:\/\/www.nomme.ee\/valdeku-noortekeskus\/wp-content\/uploads\/sites\/3\/2023\/08\/suvekool.jpg","contentUrl":"https:\/\/www.nomme.ee\/valdeku-noortekeskus\/wp-content\/uploads\/sites\/3\/2023\/08\/suvekool.jpg","width":1440,"height":960},{"@type":"BreadcrumbList","@id":"https:\/\/www.nomme.ee\/valdeku-noortekeskus\/21-08-23-08-valdeku-noortekeskus-on-suletud\/#breadcrumb","itemListElement":[{"@type":"ListItem","position":1,"name":"N\u00f5mme Vaba Aja Keskus","item":"https:\/\/www.nomme.ee"},{"@type":"ListItem","position":2,"name":"Valdeku noortekeskus","item":"https:\/\/www.nomme.ee\/valdeku-noortekeskus\/"},{"@type":"ListItem","position":3,"name":"21.08-23.08 Eesti Noorsoot\u00f6\u00f6tajate Kogu Suvekool &#8220;Mida Pornot?!&#8221;"}]},{"@type":"WebSite","@id":"https:\/\/www.nomme.ee\/valdeku-noortekeskus\/#website","url":"https:\/\/www.nomme.ee\/valdeku-noortekeskus\/","name":"Valdeku noortekeskus","description":"","potentialAction":[{"@type":"SearchAction","target":{"@type":"EntryPoint","urlTemplate":"https:\/\/www.nomme.ee\/valdeku-noortekeskus\/?s={search_term_string}"},"query-input":{"@type":"PropertyValueSpecification","valueRequired":true,"valueName":"search_term_string"}}],"inLanguage":"et"},{"@type":"Person","@id":"https:\/\/www.nomme.ee\/valdeku-noortekeskus\/#\/schema\/person\/75edaf0fe6ed5a548014fef1ba4ee8cf","name":"roula","image":{"@type":"ImageObject","inLanguage":"et","@id":"https:\/\/secure.gravatar.com\/avatar\/89e8eec8f6dc17e8b96b698a793337ffd3efd53a710754e28cf13de0da57ca00?s=96&d=mm&r=g","url":"https:\/\/secure.gravatar.com\/avatar\/89e8eec8f6dc17e8b96b698a793337ffd3efd53a710754e28cf13de0da57ca00?s=96&d=mm&r=g","contentUrl":"https:\/\/secure.gravatar.com\/avatar\/89e8eec8f6dc17e8b96b698a793337ffd3efd53a710754e28cf13de0da57ca00?s=96&d=mm&r=g","caption":"roula"}}]}},"_links":{"self":[{"href":"https:\/\/www.nomme.ee\/valdeku-noortekeskus\/wp-json\/wp\/v2\/posts\/810","targetHints":{"allow":["GET"]}}],"collection":[{"href":"https:\/\/www.nomme.ee\/valdeku-noortekeskus\/wp-json\/wp\/v2\/posts"}],"about":[{"href":"https:\/\/www.nomme.ee\/valdeku-noortekeskus\/wp-json\/wp\/v2\/types\/post"}],"author":[{"embeddable":true,"href":"https:\/\/www.nomme.ee\/valdeku-noortekeskus\/wp-json\/wp\/v2\/users\/21"}],"replies":[{"embeddable":true,"href":"https:\/\/www.nomme.ee\/valdeku-noortekeskus\/wp-json\/wp\/v2\/comments?post=810"}],"version-history":[{"count":4,"href":"https:\/\/www.nomme.ee\/valdeku-noortekeskus\/wp-json\/wp\/v2\/posts\/810\/revisions"}],"predecessor-version":[{"id":823,"href":"https:\/\/www.nomme.ee\/valdeku-noortekeskus\/wp-json\/wp\/v2\/posts\/810\/revisions\/823"}],"wp:featuredmedia":[{"embeddable":true,"href":"https:\/\/www.nomme.ee\/valdeku-noortekeskus\/wp-json\/wp\/v2\/media\/824"}],"wp:attachment":[{"href":"https:\/\/www.nomme.ee\/valdeku-noortekeskus\/wp-json\/wp\/v2\/media?parent=810"}],"curies":[{"name":"wp","href":"https:\/\/api.w.org\/{rel}","templated":true}]}}