{"id":954,"date":"2025-04-03T15:08:24","date_gmt":"2025-04-03T15:08:24","guid":{"rendered":"https:\/\/www.nomme.ee\/valdeku-noortekeskus\/?p=954"},"modified":"2025-04-03T15:08:24","modified_gmt":"2025-04-03T15:08:24","slug":"kerttu-kirjutas-eesti-noorsootootajate-kogu-blogis","status":"publish","type":"post","link":"https:\/\/www.nomme.ee\/valdeku-noortekeskus\/kerttu-kirjutas-eesti-noorsootootajate-kogu-blogis\/","title":{"rendered":"Kerttu kirjutas Eesti Noorsoot\u00f6\u00f6tajate Kogu blogis!"},"content":{"rendered":"<p>Noorsoot\u00f6\u00f6taja Kerttu \u00fctles 18.08.2023 ilmunud N\u00f5mme S\u00f5numites (vaata allpool, lehek\u00fclg 4), et ta tunneb uhkust selle \u00fcle, et Valdeku Noortekeskust nii noorte valdkonnas sees (aga ka v\u00e4ljspool) rohkem m\u00e4rgatakse ja, et talle on oluline kogukonnatunne. Eesti Noorsoot\u00f6\u00f6tajate Kogu (ENK) blogipostituses on need kaks asja m\u00f5nusasti kokku saanud ja Kerttul oli v\u00f5imalus jagada oma m\u00f5tteid keskkonnahoiust ja motivatsioonist olla noorsoot\u00f6\u00f6taja. Kerttu ja teised meie noorsoot\u00f6\u00f6tajad on p\u00fchendunud Eesti Noorsoot\u00f6\u00f6tajate Kogu (ENK) liikmed ning peame professionaalsust Valdeku Noortekeskuses \u00e4\u00e4rmiselt oluliseks.<\/p>\n<p>ENK avab meile mitmeid v\u00f5imalusi enese t\u00e4iendamiseks, motiveerimiseks ning suhtlemiseks teiste heade valdkonna tegijatega. See v\u00f5imaldab meil kui noorsoot\u00f6\u00f6 spetsialistidel end paremini rakendada, arendada ning laiendada oma teadmisi.<\/p>\n<p>Kerttu on kindlasti inimene, kes seab nii endale kui ka oma tehtud t\u00f6\u00f6le k\u00f5rged standardid. Tema p\u00fchendumus ja professionaalsus teevad temast suure eeskuju ja suunan\u00e4itaja k\u00f5igile meie noorsoot\u00f6\u00f6tajatele. Tema panus aitab kaasa meie keskkonnahoiu m\u00f5tteviisi kujundamisele ning innustab meid k\u00f5iki tegutsema vastutustundlikult ja eesm\u00e4rgip\u00e4raselt.<\/p>\n<p>Loe ta m\u00f5tteid nupult:<\/p>\n<p><span class=\"ui-provider a b c d e f g h i j k l m n o p q r s t u v w x y z ab ac ae af ag ah ai aj ak\" dir=\"ltr\"><p class=\"editor-content__cta\"><a class=\"main-btn\" target=\"_self\" href=\"https:\/\/enk.ee\/kerttu-karing-enki-liikmena-inspireerib-mind-koige-rohkem-uhistel-vaartustel-pohinev-kogukonnatunne\/\">Kerttu blogipostitus k\u00e4ttesaadav siin lingil<\/a><\/p><\/span><\/p>\n<p>Siit saad tutvuda 18.08 Kerttust ilmunud artikliga N\u00f5mme S\u00f5numites:<\/p>\n<figure class=\"video-container\">\n<div data-url=\"https:\/\/issuu.com\/nomme\/docs\/n_mme_s_numid_180823\" style=\"width: 500px; height: 333px;\" class=\"issuuembed\"><\/div>\n<p><script type=\"text\/javascript\" src=\"\/\/e.issuu.com\/embed.js\" async=\"true\"><\/script><\/figure>\n","protected":false},"excerpt":{"rendered":"<p>Noorsoot\u00f6\u00f6taja Kerttu \u00fctles 18.08.2023 ilmunud N\u00f5mme S\u00f5numites (vaata allpool, lehek\u00fclg 4), et ta tunneb uhkust selle \u00fcle, et Valdeku Noortekeskust nii noorte valdkonnas sees (aga ka v\u00e4ljspool) rohkem m\u00e4rgatakse ja, et talle on oluline kogukonnatunne. Eesti Noorsoot\u00f6\u00f6tajate Kogu (ENK) blogipostituses on need kaks asja m\u00f5nusasti kokku saanud ja Kerttul oli v\u00f5imalus jagada oma m\u00f5tteid keskkonnahoiust [&hellip;]<\/p>\n","protected":false},"author":13,"featured_media":994,"comment_status":"closed","ping_status":"open","sticky":false,"template":"","format":"standard","meta":{"_acf_changed":false,"footnotes":""},"class_list":["post-954","post","type-post","status-publish","format-standard","has-post-thumbnail","hentry"],"acf":[],"yoast_head":"<!-- This site is optimized with the Yoast SEO plugin v27.5 - https:\/\/yoast.com\/product\/yoast-seo-wordpress\/ -->\n<title>Kerttu kirjutas Eesti Noorsoot\u00f6\u00f6tajate Kogu blogis! &#8211; Valdeku noortekeskus<\/title>\n<meta name=\"robots\" content=\"index, follow, max-snippet:-1, max-image-preview:large, max-video-preview:-1\" \/>\n<link rel=\"canonical\" href=\"https:\/\/www.nomme.ee\/valdeku-noortekeskus\/kerttu-kirjutas-eesti-noorsootootajate-kogu-blogis\/\" \/>\n<meta property=\"og:locale\" content=\"et_EE\" \/>\n<meta property=\"og:type\" content=\"article\" \/>\n<meta property=\"og:title\" content=\"Kerttu kirjutas Eesti Noorsoot\u00f6\u00f6tajate Kogu blogis! &#8211; Valdeku noortekeskus\" \/>\n<meta property=\"og:description\" content=\"Noorsoot\u00f6\u00f6taja Kerttu \u00fctles 18.08.2023 ilmunud N\u00f5mme S\u00f5numites (vaata allpool, lehek\u00fclg 4), et ta tunneb uhkust selle \u00fcle, et Valdeku Noortekeskust nii noorte valdkonnas sees (aga ka v\u00e4ljspool) rohkem m\u00e4rgatakse ja, et talle on oluline kogukonnatunne. Eesti Noorsoot\u00f6\u00f6tajate Kogu (ENK) blogipostituses on need kaks asja m\u00f5nusasti kokku saanud ja Kerttul oli v\u00f5imalus jagada oma m\u00f5tteid keskkonnahoiust [&hellip;]\" \/>\n<meta property=\"og:url\" content=\"https:\/\/www.nomme.ee\/valdeku-noortekeskus\/kerttu-kirjutas-eesti-noorsootootajate-kogu-blogis\/\" \/>\n<meta property=\"og:site_name\" content=\"Valdeku noortekeskus\" \/>\n<meta property=\"article:published_time\" content=\"2025-04-03T15:08:24+00:00\" \/>\n<meta property=\"og:image\" content=\"https:\/\/www.nomme.ee\/valdeku-noortekeskus\/wp-content\/uploads\/sites\/3\/2023\/11\/Kuvatommis-2023-12-08-120906.png\" \/>\n\t<meta property=\"og:image:width\" content=\"810\" \/>\n\t<meta property=\"og:image:height\" content=\"1083\" \/>\n\t<meta property=\"og:image:type\" content=\"image\/png\" \/>\n<meta name=\"author\" content=\"evely\" \/>\n<meta name=\"twitter:card\" content=\"summary_large_image\" \/>\n<meta name=\"twitter:label1\" content=\"Written by\" \/>\n\t<meta name=\"twitter:data1\" content=\"evely\" \/>\n\t<meta name=\"twitter:label2\" content=\"Est. reading time\" \/>\n\t<meta name=\"twitter:data2\" content=\"1 minut\" \/>\n<script type=\"application\/ld+json\" class=\"yoast-schema-graph\">{\"@context\":\"https:\\\/\\\/schema.org\",\"@graph\":[{\"@type\":\"Article\",\"@id\":\"https:\\\/\\\/www.nomme.ee\\\/valdeku-noortekeskus\\\/kerttu-kirjutas-eesti-noorsootootajate-kogu-blogis\\\/#article\",\"isPartOf\":{\"@id\":\"https:\\\/\\\/www.nomme.ee\\\/valdeku-noortekeskus\\\/kerttu-kirjutas-eesti-noorsootootajate-kogu-blogis\\\/\"},\"author\":{\"name\":\"evely\",\"@id\":\"https:\\\/\\\/www.nomme.ee\\\/valdeku-noortekeskus\\\/#\\\/schema\\\/person\\\/6f7e185fd2e8a2f1334d20f6045b57d1\"},\"headline\":\"Kerttu kirjutas Eesti Noorsoot\u00f6\u00f6tajate Kogu blogis!\",\"datePublished\":\"2025-04-03T15:08:24+00:00\",\"mainEntityOfPage\":{\"@id\":\"https:\\\/\\\/www.nomme.ee\\\/valdeku-noortekeskus\\\/kerttu-kirjutas-eesti-noorsootootajate-kogu-blogis\\\/\"},\"wordCount\":223,\"image\":{\"@id\":\"https:\\\/\\\/www.nomme.ee\\\/valdeku-noortekeskus\\\/kerttu-kirjutas-eesti-noorsootootajate-kogu-blogis\\\/#primaryimage\"},\"thumbnailUrl\":\"https:\\\/\\\/www.nomme.ee\\\/valdeku-noortekeskus\\\/wp-content\\\/uploads\\\/sites\\\/3\\\/2023\\\/11\\\/Kuvatommis-2023-12-08-120906.png\",\"inLanguage\":\"et\"},{\"@type\":\"WebPage\",\"@id\":\"https:\\\/\\\/www.nomme.ee\\\/valdeku-noortekeskus\\\/kerttu-kirjutas-eesti-noorsootootajate-kogu-blogis\\\/\",\"url\":\"https:\\\/\\\/www.nomme.ee\\\/valdeku-noortekeskus\\\/kerttu-kirjutas-eesti-noorsootootajate-kogu-blogis\\\/\",\"name\":\"Kerttu kirjutas Eesti Noorsoot\u00f6\u00f6tajate Kogu blogis! &#8211; Valdeku noortekeskus\",\"isPartOf\":{\"@id\":\"https:\\\/\\\/www.nomme.ee\\\/valdeku-noortekeskus\\\/#website\"},\"primaryImageOfPage\":{\"@id\":\"https:\\\/\\\/www.nomme.ee\\\/valdeku-noortekeskus\\\/kerttu-kirjutas-eesti-noorsootootajate-kogu-blogis\\\/#primaryimage\"},\"image\":{\"@id\":\"https:\\\/\\\/www.nomme.ee\\\/valdeku-noortekeskus\\\/kerttu-kirjutas-eesti-noorsootootajate-kogu-blogis\\\/#primaryimage\"},\"thumbnailUrl\":\"https:\\\/\\\/www.nomme.ee\\\/valdeku-noortekeskus\\\/wp-content\\\/uploads\\\/sites\\\/3\\\/2023\\\/11\\\/Kuvatommis-2023-12-08-120906.png\",\"datePublished\":\"2025-04-03T15:08:24+00:00\",\"author\":{\"@id\":\"https:\\\/\\\/www.nomme.ee\\\/valdeku-noortekeskus\\\/#\\\/schema\\\/person\\\/6f7e185fd2e8a2f1334d20f6045b57d1\"},\"breadcrumb\":{\"@id\":\"https:\\\/\\\/www.nomme.ee\\\/valdeku-noortekeskus\\\/kerttu-kirjutas-eesti-noorsootootajate-kogu-blogis\\\/#breadcrumb\"},\"inLanguage\":\"et\",\"potentialAction\":[{\"@type\":\"ReadAction\",\"target\":[\"https:\\\/\\\/www.nomme.ee\\\/valdeku-noortekeskus\\\/kerttu-kirjutas-eesti-noorsootootajate-kogu-blogis\\\/\"]}]},{\"@type\":\"ImageObject\",\"inLanguage\":\"et\",\"@id\":\"https:\\\/\\\/www.nomme.ee\\\/valdeku-noortekeskus\\\/kerttu-kirjutas-eesti-noorsootootajate-kogu-blogis\\\/#primaryimage\",\"url\":\"https:\\\/\\\/www.nomme.ee\\\/valdeku-noortekeskus\\\/wp-content\\\/uploads\\\/sites\\\/3\\\/2023\\\/11\\\/Kuvatommis-2023-12-08-120906.png\",\"contentUrl\":\"https:\\\/\\\/www.nomme.ee\\\/valdeku-noortekeskus\\\/wp-content\\\/uploads\\\/sites\\\/3\\\/2023\\\/11\\\/Kuvatommis-2023-12-08-120906.png\",\"width\":810,\"height\":1083},{\"@type\":\"BreadcrumbList\",\"@id\":\"https:\\\/\\\/www.nomme.ee\\\/valdeku-noortekeskus\\\/kerttu-kirjutas-eesti-noorsootootajate-kogu-blogis\\\/#breadcrumb\",\"itemListElement\":[{\"@type\":\"ListItem\",\"position\":1,\"name\":\"N\u00f5mme Vaba Aja Keskus\",\"item\":\"https:\\\/\\\/www.nomme.ee\"},{\"@type\":\"ListItem\",\"position\":2,\"name\":\"Valdeku noortekeskus\",\"item\":\"https:\\\/\\\/www.nomme.ee\\\/valdeku-noortekeskus\\\/\"},{\"@type\":\"ListItem\",\"position\":3,\"name\":\"Kerttu kirjutas Eesti Noorsoot\u00f6\u00f6tajate Kogu blogis!\"}]},{\"@type\":\"WebSite\",\"@id\":\"https:\\\/\\\/www.nomme.ee\\\/valdeku-noortekeskus\\\/#website\",\"url\":\"https:\\\/\\\/www.nomme.ee\\\/valdeku-noortekeskus\\\/\",\"name\":\"Valdeku noortekeskus\",\"description\":\"\",\"potentialAction\":[{\"@type\":\"SearchAction\",\"target\":{\"@type\":\"EntryPoint\",\"urlTemplate\":\"https:\\\/\\\/www.nomme.ee\\\/valdeku-noortekeskus\\\/?s={search_term_string}\"},\"query-input\":{\"@type\":\"PropertyValueSpecification\",\"valueRequired\":true,\"valueName\":\"search_term_string\"}}],\"inLanguage\":\"et\"},{\"@type\":\"Person\",\"@id\":\"https:\\\/\\\/www.nomme.ee\\\/valdeku-noortekeskus\\\/#\\\/schema\\\/person\\\/6f7e185fd2e8a2f1334d20f6045b57d1\",\"name\":\"evely\",\"image\":{\"@type\":\"ImageObject\",\"inLanguage\":\"et\",\"@id\":\"https:\\\/\\\/secure.gravatar.com\\\/avatar\\\/078c31344894356ce0a57060da9c9bd4504cb0152d7670f30a9253ac111bfd4f?s=96&d=mm&r=g\",\"url\":\"https:\\\/\\\/secure.gravatar.com\\\/avatar\\\/078c31344894356ce0a57060da9c9bd4504cb0152d7670f30a9253ac111bfd4f?s=96&d=mm&r=g\",\"contentUrl\":\"https:\\\/\\\/secure.gravatar.com\\\/avatar\\\/078c31344894356ce0a57060da9c9bd4504cb0152d7670f30a9253ac111bfd4f?s=96&d=mm&r=g\",\"caption\":\"evely\"}}]}<\/script>\n<!-- \/ Yoast SEO plugin. -->","yoast_head_json":{"title":"Kerttu kirjutas Eesti Noorsoot\u00f6\u00f6tajate Kogu blogis! &#8211; Valdeku noortekeskus","robots":{"index":"index","follow":"follow","max-snippet":"max-snippet:-1","max-image-preview":"max-image-preview:large","max-video-preview":"max-video-preview:-1"},"canonical":"https:\/\/www.nomme.ee\/valdeku-noortekeskus\/kerttu-kirjutas-eesti-noorsootootajate-kogu-blogis\/","og_locale":"et_EE","og_type":"article","og_title":"Kerttu kirjutas Eesti Noorsoot\u00f6\u00f6tajate Kogu blogis! &#8211; Valdeku noortekeskus","og_description":"Noorsoot\u00f6\u00f6taja Kerttu \u00fctles 18.08.2023 ilmunud N\u00f5mme S\u00f5numites (vaata allpool, lehek\u00fclg 4), et ta tunneb uhkust selle \u00fcle, et Valdeku Noortekeskust nii noorte valdkonnas sees (aga ka v\u00e4ljspool) rohkem m\u00e4rgatakse ja, et talle on oluline kogukonnatunne. Eesti Noorsoot\u00f6\u00f6tajate Kogu (ENK) blogipostituses on need kaks asja m\u00f5nusasti kokku saanud ja Kerttul oli v\u00f5imalus jagada oma m\u00f5tteid keskkonnahoiust [&hellip;]","og_url":"https:\/\/www.nomme.ee\/valdeku-noortekeskus\/kerttu-kirjutas-eesti-noorsootootajate-kogu-blogis\/","og_site_name":"Valdeku noortekeskus","article_published_time":"2025-04-03T15:08:24+00:00","og_image":[{"width":810,"height":1083,"url":"https:\/\/www.nomme.ee\/valdeku-noortekeskus\/wp-content\/uploads\/sites\/3\/2023\/11\/Kuvatommis-2023-12-08-120906.png","type":"image\/png"}],"author":"evely","twitter_card":"summary_large_image","twitter_misc":{"Written by":"evely","Est. reading time":"1 minut"},"schema":{"@context":"https:\/\/schema.org","@graph":[{"@type":"Article","@id":"https:\/\/www.nomme.ee\/valdeku-noortekeskus\/kerttu-kirjutas-eesti-noorsootootajate-kogu-blogis\/#article","isPartOf":{"@id":"https:\/\/www.nomme.ee\/valdeku-noortekeskus\/kerttu-kirjutas-eesti-noorsootootajate-kogu-blogis\/"},"author":{"name":"evely","@id":"https:\/\/www.nomme.ee\/valdeku-noortekeskus\/#\/schema\/person\/6f7e185fd2e8a2f1334d20f6045b57d1"},"headline":"Kerttu kirjutas Eesti Noorsoot\u00f6\u00f6tajate Kogu blogis!","datePublished":"2025-04-03T15:08:24+00:00","mainEntityOfPage":{"@id":"https:\/\/www.nomme.ee\/valdeku-noortekeskus\/kerttu-kirjutas-eesti-noorsootootajate-kogu-blogis\/"},"wordCount":223,"image":{"@id":"https:\/\/www.nomme.ee\/valdeku-noortekeskus\/kerttu-kirjutas-eesti-noorsootootajate-kogu-blogis\/#primaryimage"},"thumbnailUrl":"https:\/\/www.nomme.ee\/valdeku-noortekeskus\/wp-content\/uploads\/sites\/3\/2023\/11\/Kuvatommis-2023-12-08-120906.png","inLanguage":"et"},{"@type":"WebPage","@id":"https:\/\/www.nomme.ee\/valdeku-noortekeskus\/kerttu-kirjutas-eesti-noorsootootajate-kogu-blogis\/","url":"https:\/\/www.nomme.ee\/valdeku-noortekeskus\/kerttu-kirjutas-eesti-noorsootootajate-kogu-blogis\/","name":"Kerttu kirjutas Eesti Noorsoot\u00f6\u00f6tajate Kogu blogis! &#8211; Valdeku noortekeskus","isPartOf":{"@id":"https:\/\/www.nomme.ee\/valdeku-noortekeskus\/#website"},"primaryImageOfPage":{"@id":"https:\/\/www.nomme.ee\/valdeku-noortekeskus\/kerttu-kirjutas-eesti-noorsootootajate-kogu-blogis\/#primaryimage"},"image":{"@id":"https:\/\/www.nomme.ee\/valdeku-noortekeskus\/kerttu-kirjutas-eesti-noorsootootajate-kogu-blogis\/#primaryimage"},"thumbnailUrl":"https:\/\/www.nomme.ee\/valdeku-noortekeskus\/wp-content\/uploads\/sites\/3\/2023\/11\/Kuvatommis-2023-12-08-120906.png","datePublished":"2025-04-03T15:08:24+00:00","author":{"@id":"https:\/\/www.nomme.ee\/valdeku-noortekeskus\/#\/schema\/person\/6f7e185fd2e8a2f1334d20f6045b57d1"},"breadcrumb":{"@id":"https:\/\/www.nomme.ee\/valdeku-noortekeskus\/kerttu-kirjutas-eesti-noorsootootajate-kogu-blogis\/#breadcrumb"},"inLanguage":"et","potentialAction":[{"@type":"ReadAction","target":["https:\/\/www.nomme.ee\/valdeku-noortekeskus\/kerttu-kirjutas-eesti-noorsootootajate-kogu-blogis\/"]}]},{"@type":"ImageObject","inLanguage":"et","@id":"https:\/\/www.nomme.ee\/valdeku-noortekeskus\/kerttu-kirjutas-eesti-noorsootootajate-kogu-blogis\/#primaryimage","url":"https:\/\/www.nomme.ee\/valdeku-noortekeskus\/wp-content\/uploads\/sites\/3\/2023\/11\/Kuvatommis-2023-12-08-120906.png","contentUrl":"https:\/\/www.nomme.ee\/valdeku-noortekeskus\/wp-content\/uploads\/sites\/3\/2023\/11\/Kuvatommis-2023-12-08-120906.png","width":810,"height":1083},{"@type":"BreadcrumbList","@id":"https:\/\/www.nomme.ee\/valdeku-noortekeskus\/kerttu-kirjutas-eesti-noorsootootajate-kogu-blogis\/#breadcrumb","itemListElement":[{"@type":"ListItem","position":1,"name":"N\u00f5mme Vaba Aja Keskus","item":"https:\/\/www.nomme.ee"},{"@type":"ListItem","position":2,"name":"Valdeku noortekeskus","item":"https:\/\/www.nomme.ee\/valdeku-noortekeskus\/"},{"@type":"ListItem","position":3,"name":"Kerttu kirjutas Eesti Noorsoot\u00f6\u00f6tajate Kogu blogis!"}]},{"@type":"WebSite","@id":"https:\/\/www.nomme.ee\/valdeku-noortekeskus\/#website","url":"https:\/\/www.nomme.ee\/valdeku-noortekeskus\/","name":"Valdeku noortekeskus","description":"","potentialAction":[{"@type":"SearchAction","target":{"@type":"EntryPoint","urlTemplate":"https:\/\/www.nomme.ee\/valdeku-noortekeskus\/?s={search_term_string}"},"query-input":{"@type":"PropertyValueSpecification","valueRequired":true,"valueName":"search_term_string"}}],"inLanguage":"et"},{"@type":"Person","@id":"https:\/\/www.nomme.ee\/valdeku-noortekeskus\/#\/schema\/person\/6f7e185fd2e8a2f1334d20f6045b57d1","name":"evely","image":{"@type":"ImageObject","inLanguage":"et","@id":"https:\/\/secure.gravatar.com\/avatar\/078c31344894356ce0a57060da9c9bd4504cb0152d7670f30a9253ac111bfd4f?s=96&d=mm&r=g","url":"https:\/\/secure.gravatar.com\/avatar\/078c31344894356ce0a57060da9c9bd4504cb0152d7670f30a9253ac111bfd4f?s=96&d=mm&r=g","contentUrl":"https:\/\/secure.gravatar.com\/avatar\/078c31344894356ce0a57060da9c9bd4504cb0152d7670f30a9253ac111bfd4f?s=96&d=mm&r=g","caption":"evely"}}]}},"_links":{"self":[{"href":"https:\/\/www.nomme.ee\/valdeku-noortekeskus\/wp-json\/wp\/v2\/posts\/954","targetHints":{"allow":["GET"]}}],"collection":[{"href":"https:\/\/www.nomme.ee\/valdeku-noortekeskus\/wp-json\/wp\/v2\/posts"}],"about":[{"href":"https:\/\/www.nomme.ee\/valdeku-noortekeskus\/wp-json\/wp\/v2\/types\/post"}],"author":[{"embeddable":true,"href":"https:\/\/www.nomme.ee\/valdeku-noortekeskus\/wp-json\/wp\/v2\/users\/13"}],"replies":[{"embeddable":true,"href":"https:\/\/www.nomme.ee\/valdeku-noortekeskus\/wp-json\/wp\/v2\/comments?post=954"}],"version-history":[{"count":6,"href":"https:\/\/www.nomme.ee\/valdeku-noortekeskus\/wp-json\/wp\/v2\/posts\/954\/revisions"}],"predecessor-version":[{"id":972,"href":"https:\/\/www.nomme.ee\/valdeku-noortekeskus\/wp-json\/wp\/v2\/posts\/954\/revisions\/972"}],"wp:featuredmedia":[{"embeddable":true,"href":"https:\/\/www.nomme.ee\/valdeku-noortekeskus\/wp-json\/wp\/v2\/media\/994"}],"wp:attachment":[{"href":"https:\/\/www.nomme.ee\/valdeku-noortekeskus\/wp-json\/wp\/v2\/media?parent=954"}],"curies":[{"name":"wp","href":"https:\/\/api.w.org\/{rel}","templated":true}]}}