{"id":51,"date":"2026-09-02T11:06:14","date_gmt":"2026-09-02T11:06:14","guid":{"rendered":"https:\/\/www.nomme.ee\/valdeku-saun-spordihoone\/?p=51"},"modified":"2026-09-02T11:06:14","modified_gmt":"2026-09-02T11:06:14","slug":"reedel-04-09-avatakse-saun-kell-17-00","status":"publish","type":"post","link":"https:\/\/www.nomme.ee\/valdeku-saun-spordihoone\/2026\/09\/02\/reedel-04-09-avatakse-saun-kell-17-00\/","title":{"rendered":"Reedel 04.09 avatakse saun kell 17.00"},"content":{"rendered":"<p>Anname teada, et seoses Elektrilevi O\u00dc plaanilistele elektriv\u00f5rgu hooldust\u00f6\u00f6dega avatakse reedel 04.09 saun tavap\u00e4rasest hiljem, kell 17.00.<\/p>\n","protected":false},"excerpt":{"rendered":"<p>Anname teada, et seoses Elektrilevi O\u00dc plaanilistele elektriv\u00f5rgu hooldust\u00f6\u00f6dega avatakse reedel 04.09 saun tavap\u00e4rasest hiljem, kell 17.00.<\/p>\n","protected":false},"author":4,"featured_media":0,"comment_status":"open","ping_status":"open","sticky":false,"template":"","format":"standard","meta":{"_acf_changed":false,"footnotes":""},"class_list":["post-51","post","type-post","status-publish","format-standard","hentry"],"acf":[],"yoast_head":"<!-- This site is optimized with the Yoast SEO plugin v28.4 - https:\/\/yoast.com\/product\/yoast-seo-wordpress\/ -->\n<title>Reedel 04.09 avatakse saun kell 17.00 &#8211; Valdeku saun-spordihoone<\/title>\n<meta name=\"robots\" content=\"index, follow, max-snippet:-1, max-image-preview:large, max-video-preview:-1\" \/>\n<link rel=\"canonical\" href=\"https:\/\/www.nomme.ee\/valdeku-saun-spordihoone\/2026\/09\/02\/reedel-04-09-avatakse-saun-kell-17-00\/\" \/>\n<meta property=\"og:locale\" content=\"et_EE\" \/>\n<meta property=\"og:type\" content=\"article\" \/>\n<meta property=\"og:title\" content=\"Reedel 04.09 avatakse saun kell 17.00 &#8211; Valdeku saun-spordihoone\" \/>\n<meta property=\"og:description\" content=\"Anname teada, et seoses Elektrilevi O\u00dc plaanilistele elektriv\u00f5rgu hooldust\u00f6\u00f6dega avatakse reedel 04.09 saun tavap\u00e4rasest hiljem, kell 17.00.\" \/>\n<meta property=\"og:url\" content=\"https:\/\/www.nomme.ee\/valdeku-saun-spordihoone\/2026\/09\/02\/reedel-04-09-avatakse-saun-kell-17-00\/\" \/>\n<meta property=\"og:site_name\" content=\"Valdeku saun-spordihoone\" \/>\n<meta property=\"article:published_time\" content=\"2026-09-02T11:06:14+00:00\" \/>\n<meta name=\"author\" content=\"asso\" \/>\n<meta name=\"twitter:card\" content=\"summary_large_image\" \/>\n<meta name=\"twitter:label1\" content=\"Kirjutanud\" \/>\n\t<meta name=\"twitter:data1\" content=\"asso\" \/>\n\t<meta name=\"twitter:label2\" content=\"Eeldatav lugemisaeg\" \/>\n\t<meta name=\"twitter:data2\" content=\"1 minut\" \/>\n<script type=\"application\/ld+json\" class=\"yoast-schema-graph\">{\"@context\":\"https:\\\/\\\/schema.org\",\"@graph\":[{\"@type\":\"Article\",\"@id\":\"https:\\\/\\\/www.nomme.ee\\\/valdeku-saun-spordihoone\\\/2026\\\/09\\\/02\\\/reedel-04-09-avatakse-saun-kell-17-00\\\/#article\",\"isPartOf\":{\"@id\":\"https:\\\/\\\/www.nomme.ee\\\/valdeku-saun-spordihoone\\\/2026\\\/09\\\/02\\\/reedel-04-09-avatakse-saun-kell-17-00\\\/\"},\"author\":{\"name\":\"asso\",\"@id\":\"https:\\\/\\\/www.nomme.ee\\\/valdeku-saun-spordihoone\\\/#\\\/schema\\\/person\\\/e5ceed06ceef6807e6d913ed75ba44e7\"},\"headline\":\"Reedel 04.09 avatakse saun kell 17.00\",\"datePublished\":\"2026-09-02T11:06:14+00:00\",\"mainEntityOfPage\":{\"@id\":\"https:\\\/\\\/www.nomme.ee\\\/valdeku-saun-spordihoone\\\/2026\\\/09\\\/02\\\/reedel-04-09-avatakse-saun-kell-17-00\\\/\"},\"wordCount\":22,\"commentCount\":0,\"inLanguage\":\"et\",\"potentialAction\":[{\"@type\":\"CommentAction\",\"name\":\"Comment\",\"target\":[\"https:\\\/\\\/www.nomme.ee\\\/valdeku-saun-spordihoone\\\/2026\\\/09\\\/02\\\/reedel-04-09-avatakse-saun-kell-17-00\\\/#respond\"]}]},{\"@type\":\"WebPage\",\"@id\":\"https:\\\/\\\/www.nomme.ee\\\/valdeku-saun-spordihoone\\\/2026\\\/09\\\/02\\\/reedel-04-09-avatakse-saun-kell-17-00\\\/\",\"url\":\"https:\\\/\\\/www.nomme.ee\\\/valdeku-saun-spordihoone\\\/2026\\\/09\\\/02\\\/reedel-04-09-avatakse-saun-kell-17-00\\\/\",\"name\":\"Reedel 04.09 avatakse saun kell 17.00 &#8211; Valdeku saun-spordihoone\",\"isPartOf\":{\"@id\":\"https:\\\/\\\/www.nomme.ee\\\/valdeku-saun-spordihoone\\\/#website\"},\"datePublished\":\"2026-09-02T11:06:14+00:00\",\"author\":{\"@id\":\"https:\\\/\\\/www.nomme.ee\\\/valdeku-saun-spordihoone\\\/#\\\/schema\\\/person\\\/e5ceed06ceef6807e6d913ed75ba44e7\"},\"breadcrumb\":{\"@id\":\"https:\\\/\\\/www.nomme.ee\\\/valdeku-saun-spordihoone\\\/2026\\\/09\\\/02\\\/reedel-04-09-avatakse-saun-kell-17-00\\\/#breadcrumb\"},\"inLanguage\":\"et\",\"potentialAction\":[{\"@type\":\"ReadAction\",\"target\":[\"https:\\\/\\\/www.nomme.ee\\\/valdeku-saun-spordihoone\\\/2026\\\/09\\\/02\\\/reedel-04-09-avatakse-saun-kell-17-00\\\/\"]}]},{\"@type\":\"BreadcrumbList\",\"@id\":\"https:\\\/\\\/www.nomme.ee\\\/valdeku-saun-spordihoone\\\/2026\\\/09\\\/02\\\/reedel-04-09-avatakse-saun-kell-17-00\\\/#breadcrumb\",\"itemListElement\":[{\"@type\":\"ListItem\",\"position\":1,\"name\":\"N\u00f5mme Vaba Aja Keskus\",\"item\":\"https:\\\/\\\/www.nomme.ee\"},{\"@type\":\"ListItem\",\"position\":2,\"name\":\"Avaleht\",\"item\":\"https:\\\/\\\/www.nomme.ee\\\/valdeku-saun-spordihoone\\\/\"},{\"@type\":\"ListItem\",\"position\":3,\"name\":\"Reedel 04.09 avatakse saun kell 17.00\"}]},{\"@type\":\"WebSite\",\"@id\":\"https:\\\/\\\/www.nomme.ee\\\/valdeku-saun-spordihoone\\\/#website\",\"url\":\"https:\\\/\\\/www.nomme.ee\\\/valdeku-saun-spordihoone\\\/\",\"name\":\"Valdeku saun-spordihoone\",\"description\":\"\",\"potentialAction\":[{\"@type\":\"SearchAction\",\"target\":{\"@type\":\"EntryPoint\",\"urlTemplate\":\"https:\\\/\\\/www.nomme.ee\\\/valdeku-saun-spordihoone\\\/?s={search_term_string}\"},\"query-input\":{\"@type\":\"PropertyValueSpecification\",\"valueRequired\":true,\"valueName\":\"search_term_string\"}}],\"inLanguage\":\"et\"},{\"@type\":\"Person\",\"@id\":\"https:\\\/\\\/www.nomme.ee\\\/valdeku-saun-spordihoone\\\/#\\\/schema\\\/person\\\/e5ceed06ceef6807e6d913ed75ba44e7\",\"name\":\"asso\",\"image\":{\"@type\":\"ImageObject\",\"inLanguage\":\"et\",\"@id\":\"https:\\\/\\\/secure.gravatar.com\\\/avatar\\\/655e14ec3280f44956b37e5c02cf4983bc063142b776a0ff493f706d2657c69b?s=96&d=mm&r=g\",\"url\":\"https:\\\/\\\/secure.gravatar.com\\\/avatar\\\/655e14ec3280f44956b37e5c02cf4983bc063142b776a0ff493f706d2657c69b?s=96&d=mm&r=g\",\"contentUrl\":\"https:\\\/\\\/secure.gravatar.com\\\/avatar\\\/655e14ec3280f44956b37e5c02cf4983bc063142b776a0ff493f706d2657c69b?s=96&d=mm&r=g\",\"caption\":\"asso\"}}]}<\/script>\n<!-- \/ Yoast SEO plugin. -->","yoast_head_json":{"title":"Reedel 04.09 avatakse saun kell 17.00 &#8211; Valdeku saun-spordihoone","robots":{"index":"index","follow":"follow","max-snippet":"max-snippet:-1","max-image-preview":"max-image-preview:large","max-video-preview":"max-video-preview:-1"},"canonical":"https:\/\/www.nomme.ee\/valdeku-saun-spordihoone\/2026\/09\/02\/reedel-04-09-avatakse-saun-kell-17-00\/","og_locale":"et_EE","og_type":"article","og_title":"Reedel 04.09 avatakse saun kell 17.00 &#8211; Valdeku saun-spordihoone","og_description":"Anname teada, et seoses Elektrilevi O\u00dc plaanilistele elektriv\u00f5rgu hooldust\u00f6\u00f6dega avatakse reedel 04.09 saun tavap\u00e4rasest hiljem, kell 17.00.","og_url":"https:\/\/www.nomme.ee\/valdeku-saun-spordihoone\/2026\/09\/02\/reedel-04-09-avatakse-saun-kell-17-00\/","og_site_name":"Valdeku saun-spordihoone","article_published_time":"2026-09-02T11:06:14+00:00","author":"asso","twitter_card":"summary_large_image","twitter_misc":{"Kirjutanud":"asso","Eeldatav lugemisaeg":"1 minut"},"schema":{"@context":"https:\/\/schema.org","@graph":[{"@type":"Article","@id":"https:\/\/www.nomme.ee\/valdeku-saun-spordihoone\/2026\/09\/02\/reedel-04-09-avatakse-saun-kell-17-00\/#article","isPartOf":{"@id":"https:\/\/www.nomme.ee\/valdeku-saun-spordihoone\/2026\/09\/02\/reedel-04-09-avatakse-saun-kell-17-00\/"},"author":{"name":"asso","@id":"https:\/\/www.nomme.ee\/valdeku-saun-spordihoone\/#\/schema\/person\/e5ceed06ceef6807e6d913ed75ba44e7"},"headline":"Reedel 04.09 avatakse saun kell 17.00","datePublished":"2026-09-02T11:06:14+00:00","mainEntityOfPage":{"@id":"https:\/\/www.nomme.ee\/valdeku-saun-spordihoone\/2026\/09\/02\/reedel-04-09-avatakse-saun-kell-17-00\/"},"wordCount":22,"commentCount":0,"inLanguage":"et","potentialAction":[{"@type":"CommentAction","name":"Comment","target":["https:\/\/www.nomme.ee\/valdeku-saun-spordihoone\/2026\/09\/02\/reedel-04-09-avatakse-saun-kell-17-00\/#respond"]}]},{"@type":"WebPage","@id":"https:\/\/www.nomme.ee\/valdeku-saun-spordihoone\/2026\/09\/02\/reedel-04-09-avatakse-saun-kell-17-00\/","url":"https:\/\/www.nomme.ee\/valdeku-saun-spordihoone\/2026\/09\/02\/reedel-04-09-avatakse-saun-kell-17-00\/","name":"Reedel 04.09 avatakse saun kell 17.00 &#8211; Valdeku saun-spordihoone","isPartOf":{"@id":"https:\/\/www.nomme.ee\/valdeku-saun-spordihoone\/#website"},"datePublished":"2026-09-02T11:06:14+00:00","author":{"@id":"https:\/\/www.nomme.ee\/valdeku-saun-spordihoone\/#\/schema\/person\/e5ceed06ceef6807e6d913ed75ba44e7"},"breadcrumb":{"@id":"https:\/\/www.nomme.ee\/valdeku-saun-spordihoone\/2026\/09\/02\/reedel-04-09-avatakse-saun-kell-17-00\/#breadcrumb"},"inLanguage":"et","potentialAction":[{"@type":"ReadAction","target":["https:\/\/www.nomme.ee\/valdeku-saun-spordihoone\/2026\/09\/02\/reedel-04-09-avatakse-saun-kell-17-00\/"]}]},{"@type":"BreadcrumbList","@id":"https:\/\/www.nomme.ee\/valdeku-saun-spordihoone\/2026\/09\/02\/reedel-04-09-avatakse-saun-kell-17-00\/#breadcrumb","itemListElement":[{"@type":"ListItem","position":1,"name":"N\u00f5mme Vaba Aja Keskus","item":"https:\/\/www.nomme.ee"},{"@type":"ListItem","position":2,"name":"Avaleht","item":"https:\/\/www.nomme.ee\/valdeku-saun-spordihoone\/"},{"@type":"ListItem","position":3,"name":"Reedel 04.09 avatakse saun kell 17.00"}]},{"@type":"WebSite","@id":"https:\/\/www.nomme.ee\/valdeku-saun-spordihoone\/#website","url":"https:\/\/www.nomme.ee\/valdeku-saun-spordihoone\/","name":"Valdeku saun-spordihoone","description":"","potentialAction":[{"@type":"SearchAction","target":{"@type":"EntryPoint","urlTemplate":"https:\/\/www.nomme.ee\/valdeku-saun-spordihoone\/?s={search_term_string}"},"query-input":{"@type":"PropertyValueSpecification","valueRequired":true,"valueName":"search_term_string"}}],"inLanguage":"et"},{"@type":"Person","@id":"https:\/\/www.nomme.ee\/valdeku-saun-spordihoone\/#\/schema\/person\/e5ceed06ceef6807e6d913ed75ba44e7","name":"asso","image":{"@type":"ImageObject","inLanguage":"et","@id":"https:\/\/secure.gravatar.com\/avatar\/655e14ec3280f44956b37e5c02cf4983bc063142b776a0ff493f706d2657c69b?s=96&d=mm&r=g","url":"https:\/\/secure.gravatar.com\/avatar\/655e14ec3280f44956b37e5c02cf4983bc063142b776a0ff493f706d2657c69b?s=96&d=mm&r=g","contentUrl":"https:\/\/secure.gravatar.com\/avatar\/655e14ec3280f44956b37e5c02cf4983bc063142b776a0ff493f706d2657c69b?s=96&d=mm&r=g","caption":"asso"}}]}},"_links":{"self":[{"href":"https:\/\/www.nomme.ee\/valdeku-saun-spordihoone\/wp-json\/wp\/v2\/posts\/51","targetHints":{"allow":["GET"]}}],"collection":[{"href":"https:\/\/www.nomme.ee\/valdeku-saun-spordihoone\/wp-json\/wp\/v2\/posts"}],"about":[{"href":"https:\/\/www.nomme.ee\/valdeku-saun-spordihoone\/wp-json\/wp\/v2\/types\/post"}],"author":[{"embeddable":true,"href":"https:\/\/www.nomme.ee\/valdeku-saun-spordihoone\/wp-json\/wp\/v2\/users\/4"}],"replies":[{"embeddable":true,"href":"https:\/\/www.nomme.ee\/valdeku-saun-spordihoone\/wp-json\/wp\/v2\/comments?post=51"}],"version-history":[{"count":1,"href":"https:\/\/www.nomme.ee\/valdeku-saun-spordihoone\/wp-json\/wp\/v2\/posts\/51\/revisions"}],"predecessor-version":[{"id":52,"href":"https:\/\/www.nomme.ee\/valdeku-saun-spordihoone\/wp-json\/wp\/v2\/posts\/51\/revisions\/52"}],"wp:attachment":[{"href":"https:\/\/www.nomme.ee\/valdeku-saun-spordihoone\/wp-json\/wp\/v2\/media?parent=51"}],"curies":[{"name":"wp","href":"https:\/\/api.w.org\/{rel}","templated":true}]}}